{"id":10929,"date":"2026-09-04T17:09:24","date_gmt":"2026-09-04T17:09:24","guid":{"rendered":"https:\/\/reporterdafrique.info\/?p=10929"},"modified":"2026-09-04T19:43:41","modified_gmt":"2026-09-04T19:43:41","slug":"togo-sur-larret-de-la-cour-de-la-cedeao-des-osc-clarifie-leur-position","status":"publish","type":"post","link":"https:\/\/reporterdafrique.info\/en\/togo-sur-larret-de-la-cour-de-la-cedeao-des-osc-clarifie-leur-position\/","title":{"rendered":"Togo\u00a0: sur l\u2019arr\u00eat de la cour de justice de la CEDEAO, des OSC\u00a0 clarifient leur position"},"content":{"rendered":"<p class=\"wp-block-paragraph\"><strong><em>Au Togo, l\u2019arr\u00eat de la cours de justice de le CEDEAO continue de susciter des d\u00e9bats au sein de l\u2019opinion nationale. En conf\u00e9rence de presse jeudi \u00e0 Lom\u00e9, le r\u00e9seau panafricain des organisations de d\u00e9fense des droits de l\u2019homme et des associations de la soci\u00e9t\u00e9 civile a oppos\u00e9 une vive r\u00e9action face au m\u00e9morandum dress\u00e9 par l\u2019opposition sur le sujet. Loin d\u2019\u00eatre une r\u00e9action passionnante \u00e0 en croire les responsables, cette sortie du r\u00e9seau attire selon ses convictions, l\u2019attention sur la r\u00e9forme constitutionnelle engag\u00e9e au Togo, \u00ab&nbsp;la port\u00e9e r\u00e9elle de l&rsquo;arr\u00eat rendu par la Cour de Justice de la CEDEAO et le M\u00e9morandum d&rsquo;une soi-disant opposition&nbsp;\u00bb. Ainsi, \u00e0 travers sa d\u00e9claration liminaire, rendue publique \u00e0 l\u2019occasion, le r\u00e9seau expose ce qui suit&nbsp;:<\/em><\/strong><\/p>\n\n\n\n<p class=\"wp-block-paragraph\"><strong>D\u00e9claration liminaire<\/strong><\/p>\n\n\n\n<p class=\"wp-block-paragraph\">Conf\u00e9rence de presse sur l&rsquo;arr\u00eat n\u00b0 ECW\/CCJ\/JUD\/01\/26 de la Cour de Justice de la CEDEAO et la r\u00e9forme constitutionnelle togolaise ainsi que le M\u00e9morandum de l&rsquo;Opposition.<\/p>\n\n\n\n<p class=\"wp-block-paragraph\">Nous voudrions, avant toute chose, rappeler un \u00e9l\u00e9ment de pr\u00e9cision juridique : l&rsquo;arr\u00eat porte le num\u00e9ro ECW\/CCI\/JUD\/01\/26 et a \u00e9t\u00e9 rendu le 29 janvier 2026. Cette pr\u00e9cision est importante afin que le d\u00e9bat public repose sur des faits et des r\u00e9f\u00e9rences exactes.<\/p>\n\n\n\n<p class=\"wp-block-paragraph\">Notre position aujourd&rsquo;hui est simple: nous respectons la Cour de Justice de la CEDEAO, nous respectons le droit communautaire et nous respectons le d\u00e9bat contradictoire. Mais nous refusons \u00e9galement que cet arr\u00eat soit interpr\u00e9t\u00e9 au-del\u00e0 de ce qu&rsquo;il dit r\u00e9ellement.<\/p>\n\n\n\n<p class=\"wp-block-paragraph\"><strong><em>\u00ab Il y a ce que dit l&rsquo;arr\u00eat, et il y a ce que le M\u00e9morandum voudrait qu&rsquo;il dise. Entre les deux, il y a un \u00e9cart que la soci\u00e9t\u00e9 civile a le devoir de signaler &gt;&gt;.<\/em><\/strong><\/p>\n\n\n\n<p class=\"wp-block-paragraph\"><strong><em>&lt;&lt; La Cour n&rsquo;a ni annul\u00e9 la Constitution du 06 mai 2024, ni ordonn\u00e9 de transition, ni impos\u00e9 de dialogue national. Ceux qui affirment le contraire ne commentent pas un arr\u00eat: ils \u00e9crivent le leur \u00bb.<\/em><\/strong><\/p>\n\n\n\n<p class=\"wp-block-paragraph\">Le processus de la r\u00e9forme a \u00e9t\u00e9 annonc\u00e9, a connu un d\u00e9bat public \u00e0 l&rsquo;assembl\u00e9e nationale, a fait l&rsquo;objet de consultations larges.<\/p>\n\n\n\n<p class=\"wp-block-paragraph\">De la m\u00eame mani\u00e8re que les autorit\u00e9s togolaises respectent et prot\u00e8gent justement le droit des citoyens \u00e0 participer librement \u00e0 la gestion de la chose publique, ces consultations \u00e9taient libres et non contraintes. Ce que la cour a d&rsquo;ailleurs reconnu. Si la d\u00e9marche se r\u00e9sumait aux intentions pr\u00eat\u00e9es, le d\u00e9bat ouvert et encourag\u00e9 n&rsquo;avait gu\u00e8re de sens.<\/p>\n\n\n\n<p class=\"wp-block-paragraph\">Se pr\u00e9valoir d&rsquo;un arr\u00eat tout en s&rsquo;affranchissant des conditions de recevabilit\u00e9 que ce m\u00eame arr\u00eat a pos\u00e9es, c&rsquo;est traiter le droit comme un argument \u00e0 g\u00e9om\u00e9trie variable. Une aspiration s\u00e9rieuse \u00e0 diriger ce pays commence par le respect des r\u00e8gles qu&rsquo;on invoque.<\/p>\n\n\n\n<p class=\"wp-block-paragraph\">Derri\u00e8re les apparences d&rsquo;un d\u00e9bat juridique se cache une op\u00e9ration de communication politique et d&rsquo;une man\u0153uvre de r\u00e9cup\u00e9ration politicienne. Notre r\u00f4le, en tant que soci\u00e9t\u00e9 civile, est de ramener ce d\u00e9bat l\u00e0 o\u00f9 il doit rester: sur le terrain des faits \u00bb.<\/p>\n\n\n\n<p class=\"wp-block-paragraph\">En effet, depuis plusieurs semaines, des organisations politiques se r\u00e9clamant de l&rsquo;opposition m\u00e8nent une campagne de communication construite autour d&rsquo;un arr\u00eat de la Cour de Justice de la CEDEAO. Cette campagne repose sur une interpr\u00e9tation erron\u00e9e de la d\u00e9cision, d\u00e9bouchant sur un m\u00e9morandum dont l&rsquo;objet est de faire glisser un sujet strictement juridique sur un terrain strictement politique.<\/p>\n\n\n\n<p class=\"wp-block-paragraph\">Ce constat est d&rsquo;autant plus pr\u00e9occupant qu&rsquo;il intervient au moment m\u00eame o\u00f9 le Togo s&rsquo;inscrit dans une dynamique de consolidation institutionnelle et de positionnement parmi les nations les plus dynamiques du continent. Des organisations de la soci\u00e9t\u00e9 civile togolaise entendent d\u00e9noncer ce proc\u00e9d\u00e9, qu&rsquo;elles qualifient de man\u0153uvre de diversion destin\u00e9e \u00e0 permettre \u00e0 une opposition en qu\u00eate de rep\u00e8res de se recomposer une place sur l&rsquo;\u00e9chiquier politique national, au prix d&rsquo;une d\u00e9sinformation des citoyens.<\/p>\n\n\n\n<p class=\"wp-block-paragraph\">Pour nous, Organisations de D\u00e9fense des Droits de l&rsquo;Homme et Associations de la Soci\u00e9t\u00e9 Civile, il est temps que les Togolais cessent d&rsquo;\u00eatre instrumentalis\u00e9s par une opposition dont l&rsquo;action ne s&rsquo;appuie ni sur une base id\u00e9ologique construite, ni sur une lecture rigoureuse des textes qu&rsquo;elle invoque.<\/p>\n\n\n\n<p class=\"wp-block-paragraph\">Mais il faut \u00e9galement regarder l&rsquo;int\u00e9gralit\u00e9 du dispositif. Au-del\u00e0 de l&rsquo;incomp\u00e9tence mat\u00e9rielle de la Cour de la Communaut\u00e9- CEDEAO au regard de la Charte Africaine pour la D\u00e9mocratie, les Elections et la Gouvernance ainsi que la question essentielle de la recevabilit\u00e9 de la requ\u00eate et l&rsquo;irr\u00e9gularit\u00e9 des signataires ASVITTO et ADDI, rappelons que cet arr\u00eat, n&rsquo;est, fondamentalement, que de nature d\u00e9clarative. De plus le pouvoir de modifier la Constitution rel\u00e8ve de la souverainet\u00e9 nationale et appartient exclusivement au peuple togolais et \u00e0 ses institutions.<\/p>\n\n\n\n<p class=\"wp-block-paragraph\">La Cour n&rsquo;a pas ordonn\u00e9 l&rsquo;annulation de la Constitution togolaise du 6 mai 2024. Elle n&rsquo;a pas ordonn\u00e9 le r\u00e9tablissement automatique de la Constitution de 1992. Elle n&rsquo;a pas d\u00e9clar\u00e9 nulles les institutions issues de la r\u00e9forme. Et surtout, concernant le droit des citoyens de participer \u00e0 la conduite des affaires publiques, la Cour a conclu que la R\u00e9publique togolaise ne pouvait pas \u00eatre tenue responsable d&rsquo;une violation de ce droit, faute de preuve que les citoyens avaient \u00e9t\u00e9 emp\u00each\u00e9s de voter, de se pr\u00e9senter ou de participer au processus \u00e9lectoral.<\/p>\n\n\n\n<p class=\"wp-block-paragraph\">Voil\u00e0 pourquoi nous devons avoir un d\u00e9bat s\u00e9rieux, d\u00e9passionn\u00e9 et juridiquement rigoureux. La r\u00e9forme constitutionnelle de 2024 constitue un changement institutionnel majeur. Elle fait passer notre pays dans une nouvelle architecture constitutionnelle et instaure un syst\u00e8me dans lequel les responsabilit\u00e9s de l&rsquo;ex\u00e9cutif et du Parlement sont profond\u00e9ment r\u00e9organis\u00e9es.<\/p>\n\n\n\n<p class=\"wp-block-paragraph\">La Constitution du 6 mai 2024 est d&rsquo;ailleurs officiellement publi\u00e9e comme la Constitution de la R\u00e9publique togolaise. Le R\u00e9seau Panafricain des Organisations de D\u00e9fense des Droits de l&rsquo;Homme et des Associations de la Soci\u00e9t\u00e9 Civile a pris connaissance du m\u00e9morandum rendu public par plusieurs partis politiques et organisations de la soci\u00e9t\u00e9 civile relativement \u00e0 la situation politique et institutionnelle de notre pays.<\/p>\n\n\n\n<p class=\"wp-block-paragraph\">Notre R\u00e9seau respecte le droit de tout citoyen, parti politique ou organisation de la soci\u00e9t\u00e9 civile de s&rsquo;exprimer librement sur la marche de la Nation. Le d\u00e9bat contradictoire constitue une composante essentielle de la d\u00e9mocratie et doit pouvoir s&rsquo;exercer dans le respect des opinions divergentes. Les divergences d&rsquo;appr\u00e9ciation sur les r\u00e9formes politiques et institutionnelles ne sauraient, \u00e0 elles seules, \u00eatre assimil\u00e9es \u00e0 une crise institutionnelle.<\/p>\n\n\n\n<p class=\"wp-block-paragraph\">Apr\u00e8s analyse de la situation nationale, notre R\u00e9seau estime qu&rsquo;il n&rsquo;existe pas de crise institutionnelle au Togo. Les institutions de la R\u00e9publique fonctionnent conform\u00e9ment au cadre constitutionnel en vigueur et les d\u00e9saccords politiques rel\u00e8vent de la confrontation l\u00e9gitime des id\u00e9es. Il convient donc d&rsquo;\u00e9viter toute pr\u00e9sentation de la situation nationale comme une rupture du fonctionnement des institutions ou comme une remise en cause de l&rsquo;ordre constitutionnel.<\/p>\n\n\n\n<p class=\"wp-block-paragraph\">Le R\u00e9seau a \u00e9galement pris connaissance des arguments d\u00e9velopp\u00e9s autour de l&rsquo;arr\u00eat rendu par la Cour de justice de la CEDEAO. \u00c0 cet \u00e9gard, nous estimons n\u00e9cessaire de rappeler qu&rsquo;un arr\u00eat de la Cour de justice de la CEDEAO ne saurait \u00eatre interpr\u00e9t\u00e9 au-del\u00e0 de son dispositif et de sa port\u00e9e juridique exacte.<\/p>\n\n\n\n<p class=\"wp-block-paragraph\">En particulier, cet arr\u00eat ne constitue nullement, en lui-m\u00eame, une d\u00e9cision d&rsquo;annulation ou d&rsquo;invalidation de la nouvelle Constitution togolaise. Il ne saurait donc \u00eatre pr\u00e9sent\u00e9 comme ayant juridiquement abrog\u00e9, suspendu ou rendu inapplicable le nouveau cadre constitutionnel de la R\u00e9publique togolaise.<\/p>\n\n\n\n<p class=\"wp-block-paragraph\">Cette pr\u00e9cision est importante afin d&rsquo;\u00e9viter toute confusion dans l&rsquo;opinion publique entre, d&rsquo;une part, les \u00e9ventuelles recommandations, constatations ou injonctions d\u00e9coulant d&rsquo;une d\u00e9cision juridictionnelle et, d&rsquo;autre part, la question de la validit\u00e9 et de l&rsquo;application de la Constitution nationale.<\/p>\n\n\n\n<p class=\"wp-block-paragraph\">Le d\u00e9bat sur la port\u00e9e de cet arr\u00eat demeure naturellement l\u00e9gitime et peut \u00eatre poursuivi dans les cadres juridiques et institutionnels appropri\u00e9s, mais il ne devrait pas servir de pr\u00e9texte \u00e0 une remise en cause globale du fonctionnement des institutions de la R\u00e9publique.<\/p>\n\n\n\n<p class=\"wp-block-paragraph\">La d\u00e9mocratie ne peut se r\u00e9duire \u00e0 l&rsquo;affirmation d&rsquo;une seule lecture de la r\u00e9alit\u00e9 nationale. Elle suppose l&rsquo;acceptation de la contradiction, le respect des institutions et la reconnaissance de la diversit\u00e9 des opinions. Nous invitons donc les auteurs du m\u00e9morandum, comme l&rsquo;ensemble des acteurs politiques et sociaux, \u00e0 \u00e9viter toute radicalisation inutile du d\u00e9bat public.<\/p>\n\n\n\n<p class=\"wp-block-paragraph\">Le Togo n&rsquo;a pas besoin d&rsquo;un nouveau cycle de tensions. Il a besoin de dialogue, de concertation et de compromis r\u00e9publicain. Nous encourageons les pouvoirs publics, les partis politiques et les organisations de la soci\u00e9t\u00e9 civile \u00e0 maintenir ouverts les espaces de discussion afin que les divergences puissent \u00eatre transform\u00e9es en propositions constructives.<\/p>\n\n\n\n<p class=\"wp-block-paragraph\">Nous invitons tous les acteurs de la vie publique \u00e0 d\u00e9passer les querelles de personnes et les logiques de confrontation pour privil\u00e9gier l&rsquo;int\u00e9r\u00eat sup\u00e9rieur de la Nation. Les divergences politiques sont l\u00e9gitimes et ne doivent pas servir de pr\u00e9texte \u00e0 la d\u00e9stabilisation du pays.<\/p>\n\n\n\n<p class=\"wp-block-paragraph\">Le R\u00e9seau Panafricain r\u00e9affirme sa disponibilit\u00e9 \u00e0 contribuer \u00e0 toute initiative s\u00e9rieuse favorisant le dialogue, l&rsquo;apaisement, la coh\u00e9sion nationale et la consolidation de l&rsquo;\u00c9tat de droit. La paix durable ne na\u00eet pas de l&rsquo;absence de d\u00e9saccords, mais de la volont\u00e9 de les r\u00e9soudre par le dialogue et le respect des r\u00e8gles communes. &gt;&gt;&gt;<\/p>\n\n\n\n<p class=\"wp-block-paragraph\">Notre d\u00e9marche n&rsquo;est donc pas de nier les critiques. Notre d\u00e9marche est de dire que le Togo doit d\u00e9sormais tirer les enseignements de cette exp\u00e9rience constitutionnelle, renforcer le dialogue national, am\u00e9liorer la participation citoyenne et consolider l&rsquo;\u00c9tat de droit, tout en pr\u00e9servant les institutions de la R\u00e9publique.<\/p>\n\n\n\n<p class=\"wp-block-paragraph\">Nous pouvons \u00eatre favorables \u00e0 la r\u00e9forme tout en demandant qu&rsquo;elle soit constamment am\u00e9lior\u00e9e. Nous pouvons d\u00e9fendre les institutions sans renoncer \u00e0 la d\u00e9mocratie, \u00e0 plus de dialogue et de transparence. C&rsquo;est dans cet esprit que nous souhaitons aujourd&rsquo;hui ouvrir ce d\u00e9bat, notre objectif n&rsquo;\u00e9tant pas de combattre ceux qui pensent diff\u00e9remment. Notre objectif est de rappeler que la R\u00e9publique appartient \u00e0 tous les Togolais, majorit\u00e9 comme opposition, soci\u00e9t\u00e9 civile comme institutions publiques, citoyens du Togo comme Togolais de la diaspora.<\/p>\n\n\n\n<p class=\"wp-block-paragraph\">Nous voulons donc d\u00e9fendre une position claire: la r\u00e9forme constitutionnelle doit \u00eatre appr\u00e9ci\u00e9e dans son ensemble, \u00e0 la lumi\u00e8re du droit togolais, du droit communautaire et des r\u00e9alit\u00e9s politiques du Togo. Et surtout, nous devons regarder vers l&rsquo;avenir. Le Togo a besoin de stabilit\u00e9 institutionnelle, mais \u00e9galement d&rsquo;une d\u00e9mocratie vivante.<\/p>\n\n\n\n<p class=\"wp-block-paragraph\">Nous appelons donc les acteurs politiques \u00e0 privil\u00e9gier l&rsquo;avenir du pays et le bien-\u00eatre des populations plut\u00f4t que des postures dilatoires.<\/p>\n\n\n\n<p class=\"wp-block-paragraph\">C&rsquo;est cette voie \u00e9quilibr\u00e9e que nous souhaitons d\u00e9fendre aujourd&rsquo;hui.<\/p>\n\n\n\n<p class=\"wp-block-paragraph\">Nous vous remercions pour votre attention.<\/p>\n\n\n\n<p class=\"wp-block-paragraph\">Fait \u00e0 Lom\u00e9, le 03 Septembre 2026<\/p>\n\n\n\n<p class=\"wp-block-paragraph\">Me Bertin K. AMEGAH-ATSYON,<\/p>\n\n\n\n<p class=\"wp-block-paragraph\">Coordonnateur du R\u00e9seau Panafricain des Organisations de D\u00e9fense des Droits de l&rsquo;Homme et des Associations de la Soci\u00e9t\u00e9 Civile<\/p>\n\n\n\n<p class=\"wp-block-paragraph\"><\/p>","protected":false},"excerpt":{"rendered":"<p>Au Togo, l\u2019arr\u00eat de la cours de justice de le CEDEAO continue de susciter des d\u00e9bats au sein de l\u2019opinion nationale. En conf\u00e9rence de presse jeudi \u00e0 Lom\u00e9, le r\u00e9seau panafricain des organisations de d\u00e9fense des droits de l\u2019homme et des associations de la soci\u00e9t\u00e9 civile a oppos\u00e9 une vive r\u00e9action face au m\u00e9morandum dress\u00e9 [&hellip;]<\/p>\n","protected":false},"author":1,"featured_media":10930,"comment_status":"open","ping_status":"open","sticky":false,"template":"","format":"standard","meta":{"tdm_status":"","tdm_grid_status":"","footnotes":""},"categories":[49],"tags":[],"class_list":["post-10929","post","type-post","status-publish","format-standard","has-post-thumbnail","category-politique"],"yoast_head":"<!-- This site is optimized with the Yoast SEO plugin v28.4 - https:\/\/yoast.com\/product\/yoast-seo-wordpress\/ -->\n<title>Togo\u00a0: sur l\u2019arr\u00eat de la cour de justice de la CEDEAO, des OSC\u00a0 clarifient leur position - REPORTERDAFRIQUE<\/title>\n<meta name=\"robots\" content=\"index, follow, max-snippet:-1, max-image-preview:large, max-video-preview:-1\" \/>\n<link rel=\"canonical\" href=\"https:\/\/reporterdafrique.info\/en\/togo-sur-larret-de-la-cour-de-la-cedeao-des-osc-clarifie-leur-position\/\" \/>\n<meta property=\"og:locale\" content=\"en_US\" \/>\n<meta property=\"og:type\" content=\"article\" \/>\n<meta property=\"og:title\" content=\"Togo\u00a0: sur l\u2019arr\u00eat de la cour de justice de la CEDEAO, des OSC\u00a0 clarifient leur position - REPORTERDAFRIQUE\" \/>\n<meta property=\"og:description\" content=\"Au Togo, l\u2019arr\u00eat de la cours de justice de le CEDEAO continue de susciter des d\u00e9bats au sein de l\u2019opinion nationale. En conf\u00e9rence de presse jeudi \u00e0 Lom\u00e9, le r\u00e9seau panafricain des organisations de d\u00e9fense des droits de l\u2019homme et des associations de la soci\u00e9t\u00e9 civile a oppos\u00e9 une vive r\u00e9action face au m\u00e9morandum dress\u00e9 [&hellip;]\" \/>\n<meta property=\"og:url\" content=\"https:\/\/reporterdafrique.info\/en\/togo-sur-larret-de-la-cour-de-la-cedeao-des-osc-clarifie-leur-position\/\" \/>\n<meta property=\"og:site_name\" content=\"REPORTERDAFRIQUE\" \/>\n<meta property=\"article:published_time\" content=\"2026-09-04T17:09:24+00:00\" \/>\n<meta property=\"article:modified_time\" content=\"2026-09-04T19:43:41+00:00\" \/>\n<meta property=\"og:image\" content=\"https:\/\/reporterdafrique.info\/wp-content\/uploads\/2026\/09\/ASSO-696x358-1.webp\" \/>\n\t<meta property=\"og:image:width\" content=\"696\" \/>\n\t<meta property=\"og:image:height\" content=\"358\" \/>\n\t<meta property=\"og:image:type\" content=\"image\/webp\" \/>\n<meta name=\"author\" content=\"reporterdafrique\" \/>\n<meta name=\"twitter:card\" content=\"summary_large_image\" \/>\n<meta name=\"twitter:label1\" content=\"Written by\" \/>\n\t<meta name=\"twitter:data1\" content=\"reporterdafrique\" \/>\n\t<meta name=\"twitter:label2\" content=\"Est. reading time\" \/>\n\t<meta name=\"twitter:data2\" content=\"9 minutes\" \/>\n<script type=\"application\/ld+json\" class=\"yoast-schema-graph\">{\"@context\":\"https:\\\/\\\/schema.org\",\"@graph\":[{\"@type\":\"Article\",\"@id\":\"https:\\\/\\\/reporterdafrique.info\\\/togo-sur-larret-de-la-cour-de-la-cedeao-des-osc-clarifie-leur-position\\\/#article\",\"isPartOf\":{\"@id\":\"https:\\\/\\\/reporterdafrique.info\\\/togo-sur-larret-de-la-cour-de-la-cedeao-des-osc-clarifie-leur-position\\\/\"},\"author\":{\"name\":\"reporterdafrique\",\"@id\":\"https:\\\/\\\/reporterdafrique.info\\\/#\\\/schema\\\/person\\\/e6c969aa000793e687c5399b5ffbdc77\"},\"headline\":\"Togo\u00a0: sur l\u2019arr\u00eat de la cour de justice de la CEDEAO, des OSC\u00a0 clarifient leur position\",\"datePublished\":\"2026-09-04T17:09:24+00:00\",\"dateModified\":\"2026-09-04T19:43:41+00:00\",\"mainEntityOfPage\":{\"@id\":\"https:\\\/\\\/reporterdafrique.info\\\/togo-sur-larret-de-la-cour-de-la-cedeao-des-osc-clarifie-leur-position\\\/\"},\"wordCount\":1981,\"commentCount\":0,\"image\":{\"@id\":\"https:\\\/\\\/reporterdafrique.info\\\/togo-sur-larret-de-la-cour-de-la-cedeao-des-osc-clarifie-leur-position\\\/#primaryimage\"},\"thumbnailUrl\":\"https:\\\/\\\/reporterdafrique.info\\\/wp-content\\\/uploads\\\/2026\\\/09\\\/ASSO-696x358-1.webp\",\"articleSection\":[\"politique\"],\"inLanguage\":\"en-US\",\"potentialAction\":[{\"@type\":\"CommentAction\",\"name\":\"Comment\",\"target\":[\"https:\\\/\\\/reporterdafrique.info\\\/togo-sur-larret-de-la-cour-de-la-cedeao-des-osc-clarifie-leur-position\\\/#respond\"]}]},{\"@type\":\"WebPage\",\"@id\":\"https:\\\/\\\/reporterdafrique.info\\\/togo-sur-larret-de-la-cour-de-la-cedeao-des-osc-clarifie-leur-position\\\/\",\"url\":\"https:\\\/\\\/reporterdafrique.info\\\/togo-sur-larret-de-la-cour-de-la-cedeao-des-osc-clarifie-leur-position\\\/\",\"name\":\"Togo\u00a0: sur l\u2019arr\u00eat de la cour de justice de la CEDEAO, des OSC\u00a0 clarifient leur position - REPORTERDAFRIQUE\",\"isPartOf\":{\"@id\":\"https:\\\/\\\/reporterdafrique.info\\\/#website\"},\"primaryImageOfPage\":{\"@id\":\"https:\\\/\\\/reporterdafrique.info\\\/togo-sur-larret-de-la-cour-de-la-cedeao-des-osc-clarifie-leur-position\\\/#primaryimage\"},\"image\":{\"@id\":\"https:\\\/\\\/reporterdafrique.info\\\/togo-sur-larret-de-la-cour-de-la-cedeao-des-osc-clarifie-leur-position\\\/#primaryimage\"},\"thumbnailUrl\":\"https:\\\/\\\/reporterdafrique.info\\\/wp-content\\\/uploads\\\/2026\\\/09\\\/ASSO-696x358-1.webp\",\"datePublished\":\"2026-09-04T17:09:24+00:00\",\"dateModified\":\"2026-09-04T19:43:41+00:00\",\"author\":{\"@id\":\"https:\\\/\\\/reporterdafrique.info\\\/#\\\/schema\\\/person\\\/e6c969aa000793e687c5399b5ffbdc77\"},\"breadcrumb\":{\"@id\":\"https:\\\/\\\/reporterdafrique.info\\\/togo-sur-larret-de-la-cour-de-la-cedeao-des-osc-clarifie-leur-position\\\/#breadcrumb\"},\"inLanguage\":\"en-US\",\"potentialAction\":[{\"@type\":\"ReadAction\",\"target\":[\"https:\\\/\\\/reporterdafrique.info\\\/togo-sur-larret-de-la-cour-de-la-cedeao-des-osc-clarifie-leur-position\\\/\"]}]},{\"@type\":\"ImageObject\",\"inLanguage\":\"en-US\",\"@id\":\"https:\\\/\\\/reporterdafrique.info\\\/togo-sur-larret-de-la-cour-de-la-cedeao-des-osc-clarifie-leur-position\\\/#primaryimage\",\"url\":\"https:\\\/\\\/reporterdafrique.info\\\/wp-content\\\/uploads\\\/2026\\\/09\\\/ASSO-696x358-1.webp\",\"contentUrl\":\"https:\\\/\\\/reporterdafrique.info\\\/wp-content\\\/uploads\\\/2026\\\/09\\\/ASSO-696x358-1.webp\",\"width\":696,\"height\":358},{\"@type\":\"BreadcrumbList\",\"@id\":\"https:\\\/\\\/reporterdafrique.info\\\/togo-sur-larret-de-la-cour-de-la-cedeao-des-osc-clarifie-leur-position\\\/#breadcrumb\",\"itemListElement\":[{\"@type\":\"ListItem\",\"position\":1,\"name\":\"Home\",\"item\":\"https:\\\/\\\/reporterdafrique.info\\\/\"},{\"@type\":\"ListItem\",\"position\":2,\"name\":\"Togo\u00a0: sur l\u2019arr\u00eat de la cour de justice de la CEDEAO, des OSC\u00a0 clarifient leur position\"}]},{\"@type\":\"WebSite\",\"@id\":\"https:\\\/\\\/reporterdafrique.info\\\/#website\",\"url\":\"https:\\\/\\\/reporterdafrique.info\\\/\",\"name\":\"REPORTERDAFRIQUE\",\"description\":\"L&#039;Afrique au quotidien\",\"potentialAction\":[{\"@type\":\"SearchAction\",\"target\":{\"@type\":\"EntryPoint\",\"urlTemplate\":\"https:\\\/\\\/reporterdafrique.info\\\/?s={search_term_string}\"},\"query-input\":{\"@type\":\"PropertyValueSpecification\",\"valueRequired\":true,\"valueName\":\"search_term_string\"}}],\"inLanguage\":\"en-US\"},{\"@type\":\"Person\",\"@id\":\"https:\\\/\\\/reporterdafrique.info\\\/#\\\/schema\\\/person\\\/e6c969aa000793e687c5399b5ffbdc77\",\"name\":\"reporterdafrique\",\"image\":{\"@type\":\"ImageObject\",\"inLanguage\":\"en-US\",\"@id\":\"https:\\\/\\\/secure.gravatar.com\\\/avatar\\\/7882f7db2f0ee4f772f81ec0ee186273846b76223215f4b2a9c4f2b0017a1f64?s=96&d=mm&r=g\",\"url\":\"https:\\\/\\\/secure.gravatar.com\\\/avatar\\\/7882f7db2f0ee4f772f81ec0ee186273846b76223215f4b2a9c4f2b0017a1f64?s=96&d=mm&r=g\",\"contentUrl\":\"https:\\\/\\\/secure.gravatar.com\\\/avatar\\\/7882f7db2f0ee4f772f81ec0ee186273846b76223215f4b2a9c4f2b0017a1f64?s=96&d=mm&r=g\",\"caption\":\"reporterdafrique\"},\"sameAs\":[\"https:\\\/\\\/reporterdafrique.info\"],\"url\":\"https:\\\/\\\/reporterdafrique.info\\\/en\\\/author\\\/reporterdafrique\\\/\"}]}<\/script>\n<!-- \/ Yoast SEO plugin. -->","yoast_head_json":{"title":"Togo\u00a0: sur l\u2019arr\u00eat de la cour de justice de la CEDEAO, des OSC\u00a0 clarifient leur position - REPORTERDAFRIQUE","robots":{"index":"index","follow":"follow","max-snippet":"max-snippet:-1","max-image-preview":"max-image-preview:large","max-video-preview":"max-video-preview:-1"},"canonical":"https:\/\/reporterdafrique.info\/en\/togo-sur-larret-de-la-cour-de-la-cedeao-des-osc-clarifie-leur-position\/","og_locale":"en_US","og_type":"article","og_title":"Togo\u00a0: sur l\u2019arr\u00eat de la cour de justice de la CEDEAO, des OSC\u00a0 clarifient leur position - REPORTERDAFRIQUE","og_description":"Au Togo, l\u2019arr\u00eat de la cours de justice de le CEDEAO continue de susciter des d\u00e9bats au sein de l\u2019opinion nationale. En conf\u00e9rence de presse jeudi \u00e0 Lom\u00e9, le r\u00e9seau panafricain des organisations de d\u00e9fense des droits de l\u2019homme et des associations de la soci\u00e9t\u00e9 civile a oppos\u00e9 une vive r\u00e9action face au m\u00e9morandum dress\u00e9 [&hellip;]","og_url":"https:\/\/reporterdafrique.info\/en\/togo-sur-larret-de-la-cour-de-la-cedeao-des-osc-clarifie-leur-position\/","og_site_name":"REPORTERDAFRIQUE","article_published_time":"2026-09-04T17:09:24+00:00","article_modified_time":"2026-09-04T19:43:41+00:00","og_image":[{"width":696,"height":358,"url":"https:\/\/reporterdafrique.info\/wp-content\/uploads\/2026\/09\/ASSO-696x358-1.webp","type":"image\/webp"}],"author":"reporterdafrique","twitter_card":"summary_large_image","twitter_misc":{"Written by":"reporterdafrique","Est. reading time":"9 minutes"},"schema":{"@context":"https:\/\/schema.org","@graph":[{"@type":"Article","@id":"https:\/\/reporterdafrique.info\/togo-sur-larret-de-la-cour-de-la-cedeao-des-osc-clarifie-leur-position\/#article","isPartOf":{"@id":"https:\/\/reporterdafrique.info\/togo-sur-larret-de-la-cour-de-la-cedeao-des-osc-clarifie-leur-position\/"},"author":{"name":"reporterdafrique","@id":"https:\/\/reporterdafrique.info\/#\/schema\/person\/e6c969aa000793e687c5399b5ffbdc77"},"headline":"Togo\u00a0: sur l\u2019arr\u00eat de la cour de justice de la CEDEAO, des OSC\u00a0 clarifient leur position","datePublished":"2026-09-04T17:09:24+00:00","dateModified":"2026-09-04T19:43:41+00:00","mainEntityOfPage":{"@id":"https:\/\/reporterdafrique.info\/togo-sur-larret-de-la-cour-de-la-cedeao-des-osc-clarifie-leur-position\/"},"wordCount":1981,"commentCount":0,"image":{"@id":"https:\/\/reporterdafrique.info\/togo-sur-larret-de-la-cour-de-la-cedeao-des-osc-clarifie-leur-position\/#primaryimage"},"thumbnailUrl":"https:\/\/reporterdafrique.info\/wp-content\/uploads\/2026\/09\/ASSO-696x358-1.webp","articleSection":["politique"],"inLanguage":"en-US","potentialAction":[{"@type":"CommentAction","name":"Comment","target":["https:\/\/reporterdafrique.info\/togo-sur-larret-de-la-cour-de-la-cedeao-des-osc-clarifie-leur-position\/#respond"]}]},{"@type":"WebPage","@id":"https:\/\/reporterdafrique.info\/togo-sur-larret-de-la-cour-de-la-cedeao-des-osc-clarifie-leur-position\/","url":"https:\/\/reporterdafrique.info\/togo-sur-larret-de-la-cour-de-la-cedeao-des-osc-clarifie-leur-position\/","name":"Togo\u00a0: sur l\u2019arr\u00eat de la cour de justice de la CEDEAO, des OSC\u00a0 clarifient leur position - REPORTERDAFRIQUE","isPartOf":{"@id":"https:\/\/reporterdafrique.info\/#website"},"primaryImageOfPage":{"@id":"https:\/\/reporterdafrique.info\/togo-sur-larret-de-la-cour-de-la-cedeao-des-osc-clarifie-leur-position\/#primaryimage"},"image":{"@id":"https:\/\/reporterdafrique.info\/togo-sur-larret-de-la-cour-de-la-cedeao-des-osc-clarifie-leur-position\/#primaryimage"},"thumbnailUrl":"https:\/\/reporterdafrique.info\/wp-content\/uploads\/2026\/09\/ASSO-696x358-1.webp","datePublished":"2026-09-04T17:09:24+00:00","dateModified":"2026-09-04T19:43:41+00:00","author":{"@id":"https:\/\/reporterdafrique.info\/#\/schema\/person\/e6c969aa000793e687c5399b5ffbdc77"},"breadcrumb":{"@id":"https:\/\/reporterdafrique.info\/togo-sur-larret-de-la-cour-de-la-cedeao-des-osc-clarifie-leur-position\/#breadcrumb"},"inLanguage":"en-US","potentialAction":[{"@type":"ReadAction","target":["https:\/\/reporterdafrique.info\/togo-sur-larret-de-la-cour-de-la-cedeao-des-osc-clarifie-leur-position\/"]}]},{"@type":"ImageObject","inLanguage":"en-US","@id":"https:\/\/reporterdafrique.info\/togo-sur-larret-de-la-cour-de-la-cedeao-des-osc-clarifie-leur-position\/#primaryimage","url":"https:\/\/reporterdafrique.info\/wp-content\/uploads\/2026\/09\/ASSO-696x358-1.webp","contentUrl":"https:\/\/reporterdafrique.info\/wp-content\/uploads\/2026\/09\/ASSO-696x358-1.webp","width":696,"height":358},{"@type":"BreadcrumbList","@id":"https:\/\/reporterdafrique.info\/togo-sur-larret-de-la-cour-de-la-cedeao-des-osc-clarifie-leur-position\/#breadcrumb","itemListElement":[{"@type":"ListItem","position":1,"name":"Home","item":"https:\/\/reporterdafrique.info\/"},{"@type":"ListItem","position":2,"name":"Togo\u00a0: sur l\u2019arr\u00eat de la cour de justice de la CEDEAO, des OSC\u00a0 clarifient leur position"}]},{"@type":"WebSite","@id":"https:\/\/reporterdafrique.info\/#website","url":"https:\/\/reporterdafrique.info\/","name":"REPORTERDAFRIQUE","description":"L&#039;Afrique au quotidien","potentialAction":[{"@type":"SearchAction","target":{"@type":"EntryPoint","urlTemplate":"https:\/\/reporterdafrique.info\/?s={search_term_string}"},"query-input":{"@type":"PropertyValueSpecification","valueRequired":true,"valueName":"search_term_string"}}],"inLanguage":"en-US"},{"@type":"Person","@id":"https:\/\/reporterdafrique.info\/#\/schema\/person\/e6c969aa000793e687c5399b5ffbdc77","name":"reporterdafrique","image":{"@type":"ImageObject","inLanguage":"en-US","@id":"https:\/\/secure.gravatar.com\/avatar\/7882f7db2f0ee4f772f81ec0ee186273846b76223215f4b2a9c4f2b0017a1f64?s=96&d=mm&r=g","url":"https:\/\/secure.gravatar.com\/avatar\/7882f7db2f0ee4f772f81ec0ee186273846b76223215f4b2a9c4f2b0017a1f64?s=96&d=mm&r=g","contentUrl":"https:\/\/secure.gravatar.com\/avatar\/7882f7db2f0ee4f772f81ec0ee186273846b76223215f4b2a9c4f2b0017a1f64?s=96&d=mm&r=g","caption":"reporterdafrique"},"sameAs":["https:\/\/reporterdafrique.info"],"url":"https:\/\/reporterdafrique.info\/en\/author\/reporterdafrique\/"}]}},"amp_enabled":true,"_links":{"self":[{"href":"https:\/\/reporterdafrique.info\/en\/wp-json\/wp\/v2\/posts\/10929","targetHints":{"allow":["GET"]}}],"collection":[{"href":"https:\/\/reporterdafrique.info\/en\/wp-json\/wp\/v2\/posts"}],"about":[{"href":"https:\/\/reporterdafrique.info\/en\/wp-json\/wp\/v2\/types\/post"}],"author":[{"embeddable":true,"href":"https:\/\/reporterdafrique.info\/en\/wp-json\/wp\/v2\/users\/1"}],"replies":[{"embeddable":true,"href":"https:\/\/reporterdafrique.info\/en\/wp-json\/wp\/v2\/comments?post=10929"}],"version-history":[{"count":3,"href":"https:\/\/reporterdafrique.info\/en\/wp-json\/wp\/v2\/posts\/10929\/revisions"}],"predecessor-version":[{"id":10935,"href":"https:\/\/reporterdafrique.info\/en\/wp-json\/wp\/v2\/posts\/10929\/revisions\/10935"}],"wp:featuredmedia":[{"embeddable":true,"href":"https:\/\/reporterdafrique.info\/en\/wp-json\/wp\/v2\/media\/10930"}],"wp:attachment":[{"href":"https:\/\/reporterdafrique.info\/en\/wp-json\/wp\/v2\/media?parent=10929"}],"wp:term":[{"taxonomy":"category","embeddable":true,"href":"https:\/\/reporterdafrique.info\/en\/wp-json\/wp\/v2\/categories?post=10929"},{"taxonomy":"post_tag","embeddable":true,"href":"https:\/\/reporterdafrique.info\/en\/wp-json\/wp\/v2\/tags?post=10929"}],"curies":[{"name":"wp","href":"https:\/\/api.w.org\/{rel}","templated":true}]}}