{"id":10924,"date":"2026-09-02T13:11:47","date_gmt":"2026-09-02T13:11:47","guid":{"rendered":"https:\/\/reporterdafrique.info\/?p=10924"},"modified":"2026-09-02T13:11:48","modified_gmt":"2026-09-02T13:11:48","slug":"insertion-professionnelle-performance-remarquable-des-jeunes-a-la-plateforme-industrielle-dadetikope","status":"publish","type":"post","link":"https:\/\/reporterdafrique.info\/en\/insertion-professionnelle-performance-remarquable-des-jeunes-a-la-plateforme-industrielle-dadetikope\/","title":{"rendered":"Insertion professionnelle\u00a0: Performance remarquable des jeunes \u00e0 la Plateforme industrielle d&rsquo;Ad\u00e9tikop\u00e9"},"content":{"rendered":"<p class=\"wp-block-paragraph\"><strong><em>La composition des effectifs en dit souvent long dans toute offensive de transformation socio\u00e9conomique. \u00c0 la Plateforme industrielle d&rsquo;Ad\u00e9tikop\u00e9 (PIA), un indicateur retient particuli\u00e8rement l&rsquo;attention : pr\u00e8s de 80 % des emplois directs cr\u00e9\u00e9s depuis 2021 sont occup\u00e9s par des jeunes et des femmes.<\/em><\/strong><\/p>\n\n\n\n<p class=\"wp-block-paragraph\">Sur la p\u00e9riode de juin 2021 \u00e0 juin 2026, 6 780 emplois ont \u00e9t\u00e9 cr\u00e9\u00e9s. Le nombre occup\u00e9 par la jeunesse et la gent f\u00e9minine est le reflet de l&rsquo;orientation politique assum\u00e9e, port\u00e9e depuis plusieurs ann\u00e9es par les autorit\u00e9s, visant \u00e0 placer les groupes traditionnellement les plus expos\u00e9s au ch\u00f4mage au c\u0153ur des secteurs productifs \u00e9mergents.<\/p>\n\n\n\n<p class=\"wp-block-paragraph\"><strong>\u00c0 la PIA, la jeunesse fait sa loi<\/strong><\/p>\n\n\n\n<p class=\"wp-block-paragraph\">Les jeunes y trouvent un espace d&rsquo;insertion professionnelle dans des m\u00e9tiers industriels structur\u00e9s, souvent \u00e9loign\u00e9s de l&rsquo;informel qui domine encore une partie du march\u00e9 du travail. Les femmes, quant \u00e0 elles, acc\u00e8dent \u00e0 des emplois qui renforcent leur autonomie \u00e9conomique et leur participation active \u00e0 la production nationale.<\/p>\n\n\n\n<p class=\"wp-block-paragraph\">Cette configuration produit un premier effet majeur : la r\u00e9duction des barri\u00e8res \u00e0 l&rsquo;entr\u00e9e sur le march\u00e9 du travail formel. L&rsquo;insertion professionnelle des jeunes demeure un d\u00e9fi central pour de nombreux pays africains. L&rsquo;acc\u00e8s \u00e0 des emplois industriels stables constitue ainsi une rupture importante. Il ne s&rsquo;agit plus seulement de chercher une activit\u00e9, mais d&rsquo;int\u00e9grer des cha\u00eenes de valeur organis\u00e9es, avec des perspectives d&rsquo;\u00e9volution et de formation.<\/p>\n\n\n\n<p class=\"wp-block-paragraph\">Pour les femmes, l&rsquo;enjeu est tout aussi structurant. L&rsquo;acc\u00e8s massif \u00e0 l&#8217;emploi industriel renforce leur ind\u00e9pendance financi\u00e8re et modifie progressivement leur place dans les dynamiques \u00e9conomiques familiales et sociales. Cette \u00e9volution contribue \u00e0 r\u00e9\u00e9quilibrer les r\u00f4les \u00e9conomiques et \u00e0 renforcer leur capacit\u00e9 de d\u00e9cision au sein des m\u00e9nages.<\/p>\n\n\n\n<p class=\"wp-block-paragraph\"><strong>L&rsquo;impact ne s&rsquo;arr\u00eate pas \u00e0 l&rsquo;individu<\/strong><\/p>\n\n\n\n<p class=\"wp-block-paragraph\">En int\u00e9grant massivement jeunes et femmes dans ses effectifs, la PIA devient un outil de redistribution \u00e9conomique. Les revenus g\u00e9n\u00e9r\u00e9s circulent dans les \u00e9conomies locales, soutiennent la consommation des m\u00e9nages et participent \u00e0 la r\u00e9duction des vuln\u00e9rabilit\u00e9s sociales. Chaque salaire vers\u00e9 devient un levier de stabilit\u00e9 pour des familles souvent confront\u00e9es \u00e0 des revenus irr\u00e9guliers.<\/p>\n\n\n\n<p class=\"wp-block-paragraph\">Tout ceci a un effet sur la structure m\u00eame de la main-d&rsquo;oeuvre nationale. Elle favorise l&rsquo;\u00e9mergence d&rsquo;une g\u00e9n\u00e9ration de travailleurs form\u00e9s aux exigences industrielles modernes : discipline de production, respect des standards de qualit\u00e9, ma\u00eetrise des outils techniques et adaptation aux environnements organis\u00e9s. Ces comp\u00e9tences, acquises sur le terrain, constituent un capital humain durable pour l&rsquo;\u00e9conomie togolaise.<\/p>\n\n\n\n<p class=\"wp-block-paragraph\">Par ailleurs, l&rsquo;orientation s&rsquo;inscrit dans une politique de promotion de l&rsquo;inclusion \u00e9conomique port\u00e9e par les autorit\u00e9s, qui font du travail des jeunes et des femmes un pilier de d\u00e9veloppement. \u00c0 travers ces 80 % d&rsquo;effectifs compos\u00e9s de jeunes et de femmes, la PIA illustre donc une transformation profonde du rapport au travail et \u00e0 l&rsquo;\u00e9conomie, o\u00f9 l&rsquo;industrialisation ne se limite pas \u00e0 produire des biens, mais contribue \u00e9galement \u00e0 redistribuer les opportunit\u00e9s, \u00e0 \u00e9largir les horizons professionnels et \u00e0 renforcer la coh\u00e9sion sociale.<\/p>","protected":false},"excerpt":{"rendered":"<p>La composition des effectifs en dit souvent long dans toute offensive de transformation socio\u00e9conomique. \u00c0 la Plateforme industrielle d&rsquo;Ad\u00e9tikop\u00e9 (PIA), un indicateur retient particuli\u00e8rement l&rsquo;attention : pr\u00e8s de 80 % des emplois directs cr\u00e9\u00e9s depuis 2021 sont occup\u00e9s par des jeunes et des femmes. Sur la p\u00e9riode de juin 2021 \u00e0 juin 2026, 6 780 [&hellip;]<\/p>\n","protected":false},"author":1,"featured_media":10925,"comment_status":"open","ping_status":"open","sticky":false,"template":"","format":"standard","meta":{"tdm_status":"","tdm_grid_status":"","footnotes":""},"categories":[45],"tags":[],"class_list":["post-10924","post","type-post","status-publish","format-standard","has-post-thumbnail","category-developpement"],"yoast_head":"<!-- This site is optimized with the Yoast SEO plugin v28.4 - https:\/\/yoast.com\/product\/yoast-seo-wordpress\/ -->\n<title>Insertion professionnelle\u00a0: Performance remarquable des jeunes \u00e0 la Plateforme industrielle d&#039;Ad\u00e9tikop\u00e9 - REPORTERDAFRIQUE<\/title>\n<meta name=\"robots\" content=\"index, follow, max-snippet:-1, max-image-preview:large, max-video-preview:-1\" \/>\n<link rel=\"canonical\" href=\"https:\/\/reporterdafrique.info\/en\/insertion-professionnelle-performance-remarquable-des-jeunes-a-la-plateforme-industrielle-dadetikope\/\" \/>\n<meta property=\"og:locale\" content=\"en_US\" \/>\n<meta property=\"og:type\" content=\"article\" \/>\n<meta property=\"og:title\" content=\"Insertion professionnelle\u00a0: Performance remarquable des jeunes \u00e0 la Plateforme industrielle d&#039;Ad\u00e9tikop\u00e9 - REPORTERDAFRIQUE\" \/>\n<meta property=\"og:description\" content=\"La composition des effectifs en dit souvent long dans toute offensive de transformation socio\u00e9conomique. \u00c0 la Plateforme industrielle d&rsquo;Ad\u00e9tikop\u00e9 (PIA), un indicateur retient particuli\u00e8rement l&rsquo;attention : pr\u00e8s de 80 % des emplois directs cr\u00e9\u00e9s depuis 2021 sont occup\u00e9s par des jeunes et des femmes. Sur la p\u00e9riode de juin 2021 \u00e0 juin 2026, 6 780 [&hellip;]\" \/>\n<meta property=\"og:url\" content=\"https:\/\/reporterdafrique.info\/en\/insertion-professionnelle-performance-remarquable-des-jeunes-a-la-plateforme-industrielle-dadetikope\/\" \/>\n<meta property=\"og:site_name\" content=\"REPORTERDAFRIQUE\" \/>\n<meta property=\"article:published_time\" content=\"2026-09-02T13:11:47+00:00\" \/>\n<meta property=\"article:modified_time\" content=\"2026-09-02T13:11:48+00:00\" \/>\n<meta property=\"og:image\" content=\"https:\/\/reporterdafrique.info\/wp-content\/uploads\/2026\/09\/PIA.jpg\" \/>\n\t<meta property=\"og:image:width\" content=\"750\" \/>\n\t<meta property=\"og:image:height\" content=\"480\" \/>\n\t<meta property=\"og:image:type\" content=\"image\/jpeg\" \/>\n<meta name=\"author\" content=\"reporterdafrique\" \/>\n<meta name=\"twitter:card\" content=\"summary_large_image\" \/>\n<meta name=\"twitter:label1\" content=\"Written by\" \/>\n\t<meta name=\"twitter:data1\" content=\"reporterdafrique\" \/>\n\t<meta name=\"twitter:label2\" content=\"Est. reading time\" \/>\n\t<meta name=\"twitter:data2\" content=\"3 minutes\" \/>\n<script type=\"application\/ld+json\" class=\"yoast-schema-graph\">{\"@context\":\"https:\\\/\\\/schema.org\",\"@graph\":[{\"@type\":\"Article\",\"@id\":\"https:\\\/\\\/reporterdafrique.info\\\/insertion-professionnelle-performance-remarquable-des-jeunes-a-la-plateforme-industrielle-dadetikope\\\/#article\",\"isPartOf\":{\"@id\":\"https:\\\/\\\/reporterdafrique.info\\\/insertion-professionnelle-performance-remarquable-des-jeunes-a-la-plateforme-industrielle-dadetikope\\\/\"},\"author\":{\"name\":\"reporterdafrique\",\"@id\":\"https:\\\/\\\/reporterdafrique.info\\\/#\\\/schema\\\/person\\\/e6c969aa000793e687c5399b5ffbdc77\"},\"headline\":\"Insertion professionnelle\u00a0: Performance remarquable des jeunes \u00e0 la Plateforme industrielle d&rsquo;Ad\u00e9tikop\u00e9\",\"datePublished\":\"2026-09-02T13:11:47+00:00\",\"dateModified\":\"2026-09-02T13:11:48+00:00\",\"mainEntityOfPage\":{\"@id\":\"https:\\\/\\\/reporterdafrique.info\\\/insertion-professionnelle-performance-remarquable-des-jeunes-a-la-plateforme-industrielle-dadetikope\\\/\"},\"wordCount\":537,\"commentCount\":0,\"image\":{\"@id\":\"https:\\\/\\\/reporterdafrique.info\\\/insertion-professionnelle-performance-remarquable-des-jeunes-a-la-plateforme-industrielle-dadetikope\\\/#primaryimage\"},\"thumbnailUrl\":\"https:\\\/\\\/reporterdafrique.info\\\/wp-content\\\/uploads\\\/2026\\\/09\\\/PIA.jpg\",\"articleSection\":[\"d\u00e9veloppement\"],\"inLanguage\":\"en-US\",\"potentialAction\":[{\"@type\":\"CommentAction\",\"name\":\"Comment\",\"target\":[\"https:\\\/\\\/reporterdafrique.info\\\/insertion-professionnelle-performance-remarquable-des-jeunes-a-la-plateforme-industrielle-dadetikope\\\/#respond\"]}]},{\"@type\":\"WebPage\",\"@id\":\"https:\\\/\\\/reporterdafrique.info\\\/insertion-professionnelle-performance-remarquable-des-jeunes-a-la-plateforme-industrielle-dadetikope\\\/\",\"url\":\"https:\\\/\\\/reporterdafrique.info\\\/insertion-professionnelle-performance-remarquable-des-jeunes-a-la-plateforme-industrielle-dadetikope\\\/\",\"name\":\"Insertion professionnelle\u00a0: Performance remarquable des jeunes \u00e0 la Plateforme industrielle d'Ad\u00e9tikop\u00e9 - REPORTERDAFRIQUE\",\"isPartOf\":{\"@id\":\"https:\\\/\\\/reporterdafrique.info\\\/#website\"},\"primaryImageOfPage\":{\"@id\":\"https:\\\/\\\/reporterdafrique.info\\\/insertion-professionnelle-performance-remarquable-des-jeunes-a-la-plateforme-industrielle-dadetikope\\\/#primaryimage\"},\"image\":{\"@id\":\"https:\\\/\\\/reporterdafrique.info\\\/insertion-professionnelle-performance-remarquable-des-jeunes-a-la-plateforme-industrielle-dadetikope\\\/#primaryimage\"},\"thumbnailUrl\":\"https:\\\/\\\/reporterdafrique.info\\\/wp-content\\\/uploads\\\/2026\\\/09\\\/PIA.jpg\",\"datePublished\":\"2026-09-02T13:11:47+00:00\",\"dateModified\":\"2026-09-02T13:11:48+00:00\",\"author\":{\"@id\":\"https:\\\/\\\/reporterdafrique.info\\\/#\\\/schema\\\/person\\\/e6c969aa000793e687c5399b5ffbdc77\"},\"breadcrumb\":{\"@id\":\"https:\\\/\\\/reporterdafrique.info\\\/insertion-professionnelle-performance-remarquable-des-jeunes-a-la-plateforme-industrielle-dadetikope\\\/#breadcrumb\"},\"inLanguage\":\"en-US\",\"potentialAction\":[{\"@type\":\"ReadAction\",\"target\":[\"https:\\\/\\\/reporterdafrique.info\\\/insertion-professionnelle-performance-remarquable-des-jeunes-a-la-plateforme-industrielle-dadetikope\\\/\"]}]},{\"@type\":\"ImageObject\",\"inLanguage\":\"en-US\",\"@id\":\"https:\\\/\\\/reporterdafrique.info\\\/insertion-professionnelle-performance-remarquable-des-jeunes-a-la-plateforme-industrielle-dadetikope\\\/#primaryimage\",\"url\":\"https:\\\/\\\/reporterdafrique.info\\\/wp-content\\\/uploads\\\/2026\\\/09\\\/PIA.jpg\",\"contentUrl\":\"https:\\\/\\\/reporterdafrique.info\\\/wp-content\\\/uploads\\\/2026\\\/09\\\/PIA.jpg\",\"width\":750,\"height\":480},{\"@type\":\"BreadcrumbList\",\"@id\":\"https:\\\/\\\/reporterdafrique.info\\\/insertion-professionnelle-performance-remarquable-des-jeunes-a-la-plateforme-industrielle-dadetikope\\\/#breadcrumb\",\"itemListElement\":[{\"@type\":\"ListItem\",\"position\":1,\"name\":\"Home\",\"item\":\"https:\\\/\\\/reporterdafrique.info\\\/\"},{\"@type\":\"ListItem\",\"position\":2,\"name\":\"Insertion professionnelle\u00a0: Performance remarquable des jeunes \u00e0 la Plateforme industrielle d&rsquo;Ad\u00e9tikop\u00e9\"}]},{\"@type\":\"WebSite\",\"@id\":\"https:\\\/\\\/reporterdafrique.info\\\/#website\",\"url\":\"https:\\\/\\\/reporterdafrique.info\\\/\",\"name\":\"REPORTERDAFRIQUE\",\"description\":\"L&#039;Afrique au quotidien\",\"potentialAction\":[{\"@type\":\"SearchAction\",\"target\":{\"@type\":\"EntryPoint\",\"urlTemplate\":\"https:\\\/\\\/reporterdafrique.info\\\/?s={search_term_string}\"},\"query-input\":{\"@type\":\"PropertyValueSpecification\",\"valueRequired\":true,\"valueName\":\"search_term_string\"}}],\"inLanguage\":\"en-US\"},{\"@type\":\"Person\",\"@id\":\"https:\\\/\\\/reporterdafrique.info\\\/#\\\/schema\\\/person\\\/e6c969aa000793e687c5399b5ffbdc77\",\"name\":\"reporterdafrique\",\"image\":{\"@type\":\"ImageObject\",\"inLanguage\":\"en-US\",\"@id\":\"https:\\\/\\\/secure.gravatar.com\\\/avatar\\\/7882f7db2f0ee4f772f81ec0ee186273846b76223215f4b2a9c4f2b0017a1f64?s=96&d=mm&r=g\",\"url\":\"https:\\\/\\\/secure.gravatar.com\\\/avatar\\\/7882f7db2f0ee4f772f81ec0ee186273846b76223215f4b2a9c4f2b0017a1f64?s=96&d=mm&r=g\",\"contentUrl\":\"https:\\\/\\\/secure.gravatar.com\\\/avatar\\\/7882f7db2f0ee4f772f81ec0ee186273846b76223215f4b2a9c4f2b0017a1f64?s=96&d=mm&r=g\",\"caption\":\"reporterdafrique\"},\"sameAs\":[\"https:\\\/\\\/reporterdafrique.info\"],\"url\":\"https:\\\/\\\/reporterdafrique.info\\\/en\\\/author\\\/reporterdafrique\\\/\"}]}<\/script>\n<!-- \/ Yoast SEO plugin. -->","yoast_head_json":{"title":"Insertion professionnelle\u00a0: Performance remarquable des jeunes \u00e0 la Plateforme industrielle d'Ad\u00e9tikop\u00e9 - REPORTERDAFRIQUE","robots":{"index":"index","follow":"follow","max-snippet":"max-snippet:-1","max-image-preview":"max-image-preview:large","max-video-preview":"max-video-preview:-1"},"canonical":"https:\/\/reporterdafrique.info\/en\/insertion-professionnelle-performance-remarquable-des-jeunes-a-la-plateforme-industrielle-dadetikope\/","og_locale":"en_US","og_type":"article","og_title":"Insertion professionnelle\u00a0: Performance remarquable des jeunes \u00e0 la Plateforme industrielle d'Ad\u00e9tikop\u00e9 - REPORTERDAFRIQUE","og_description":"La composition des effectifs en dit souvent long dans toute offensive de transformation socio\u00e9conomique. \u00c0 la Plateforme industrielle d&rsquo;Ad\u00e9tikop\u00e9 (PIA), un indicateur retient particuli\u00e8rement l&rsquo;attention : pr\u00e8s de 80 % des emplois directs cr\u00e9\u00e9s depuis 2021 sont occup\u00e9s par des jeunes et des femmes. Sur la p\u00e9riode de juin 2021 \u00e0 juin 2026, 6 780 [&hellip;]","og_url":"https:\/\/reporterdafrique.info\/en\/insertion-professionnelle-performance-remarquable-des-jeunes-a-la-plateforme-industrielle-dadetikope\/","og_site_name":"REPORTERDAFRIQUE","article_published_time":"2026-09-02T13:11:47+00:00","article_modified_time":"2026-09-02T13:11:48+00:00","og_image":[{"width":750,"height":480,"url":"https:\/\/reporterdafrique.info\/wp-content\/uploads\/2026\/09\/PIA.jpg","type":"image\/jpeg"}],"author":"reporterdafrique","twitter_card":"summary_large_image","twitter_misc":{"Written by":"reporterdafrique","Est. reading time":"3 minutes"},"schema":{"@context":"https:\/\/schema.org","@graph":[{"@type":"Article","@id":"https:\/\/reporterdafrique.info\/insertion-professionnelle-performance-remarquable-des-jeunes-a-la-plateforme-industrielle-dadetikope\/#article","isPartOf":{"@id":"https:\/\/reporterdafrique.info\/insertion-professionnelle-performance-remarquable-des-jeunes-a-la-plateforme-industrielle-dadetikope\/"},"author":{"name":"reporterdafrique","@id":"https:\/\/reporterdafrique.info\/#\/schema\/person\/e6c969aa000793e687c5399b5ffbdc77"},"headline":"Insertion professionnelle\u00a0: Performance remarquable des jeunes \u00e0 la Plateforme industrielle d&rsquo;Ad\u00e9tikop\u00e9","datePublished":"2026-09-02T13:11:47+00:00","dateModified":"2026-09-02T13:11:48+00:00","mainEntityOfPage":{"@id":"https:\/\/reporterdafrique.info\/insertion-professionnelle-performance-remarquable-des-jeunes-a-la-plateforme-industrielle-dadetikope\/"},"wordCount":537,"commentCount":0,"image":{"@id":"https:\/\/reporterdafrique.info\/insertion-professionnelle-performance-remarquable-des-jeunes-a-la-plateforme-industrielle-dadetikope\/#primaryimage"},"thumbnailUrl":"https:\/\/reporterdafrique.info\/wp-content\/uploads\/2026\/09\/PIA.jpg","articleSection":["d\u00e9veloppement"],"inLanguage":"en-US","potentialAction":[{"@type":"CommentAction","name":"Comment","target":["https:\/\/reporterdafrique.info\/insertion-professionnelle-performance-remarquable-des-jeunes-a-la-plateforme-industrielle-dadetikope\/#respond"]}]},{"@type":"WebPage","@id":"https:\/\/reporterdafrique.info\/insertion-professionnelle-performance-remarquable-des-jeunes-a-la-plateforme-industrielle-dadetikope\/","url":"https:\/\/reporterdafrique.info\/insertion-professionnelle-performance-remarquable-des-jeunes-a-la-plateforme-industrielle-dadetikope\/","name":"Insertion professionnelle\u00a0: Performance remarquable des jeunes \u00e0 la Plateforme industrielle d'Ad\u00e9tikop\u00e9 - REPORTERDAFRIQUE","isPartOf":{"@id":"https:\/\/reporterdafrique.info\/#website"},"primaryImageOfPage":{"@id":"https:\/\/reporterdafrique.info\/insertion-professionnelle-performance-remarquable-des-jeunes-a-la-plateforme-industrielle-dadetikope\/#primaryimage"},"image":{"@id":"https:\/\/reporterdafrique.info\/insertion-professionnelle-performance-remarquable-des-jeunes-a-la-plateforme-industrielle-dadetikope\/#primaryimage"},"thumbnailUrl":"https:\/\/reporterdafrique.info\/wp-content\/uploads\/2026\/09\/PIA.jpg","datePublished":"2026-09-02T13:11:47+00:00","dateModified":"2026-09-02T13:11:48+00:00","author":{"@id":"https:\/\/reporterdafrique.info\/#\/schema\/person\/e6c969aa000793e687c5399b5ffbdc77"},"breadcrumb":{"@id":"https:\/\/reporterdafrique.info\/insertion-professionnelle-performance-remarquable-des-jeunes-a-la-plateforme-industrielle-dadetikope\/#breadcrumb"},"inLanguage":"en-US","potentialAction":[{"@type":"ReadAction","target":["https:\/\/reporterdafrique.info\/insertion-professionnelle-performance-remarquable-des-jeunes-a-la-plateforme-industrielle-dadetikope\/"]}]},{"@type":"ImageObject","inLanguage":"en-US","@id":"https:\/\/reporterdafrique.info\/insertion-professionnelle-performance-remarquable-des-jeunes-a-la-plateforme-industrielle-dadetikope\/#primaryimage","url":"https:\/\/reporterdafrique.info\/wp-content\/uploads\/2026\/09\/PIA.jpg","contentUrl":"https:\/\/reporterdafrique.info\/wp-content\/uploads\/2026\/09\/PIA.jpg","width":750,"height":480},{"@type":"BreadcrumbList","@id":"https:\/\/reporterdafrique.info\/insertion-professionnelle-performance-remarquable-des-jeunes-a-la-plateforme-industrielle-dadetikope\/#breadcrumb","itemListElement":[{"@type":"ListItem","position":1,"name":"Home","item":"https:\/\/reporterdafrique.info\/"},{"@type":"ListItem","position":2,"name":"Insertion professionnelle\u00a0: Performance remarquable des jeunes \u00e0 la Plateforme industrielle d&rsquo;Ad\u00e9tikop\u00e9"}]},{"@type":"WebSite","@id":"https:\/\/reporterdafrique.info\/#website","url":"https:\/\/reporterdafrique.info\/","name":"REPORTERDAFRIQUE","description":"L&#039;Afrique au quotidien","potentialAction":[{"@type":"SearchAction","target":{"@type":"EntryPoint","urlTemplate":"https:\/\/reporterdafrique.info\/?s={search_term_string}"},"query-input":{"@type":"PropertyValueSpecification","valueRequired":true,"valueName":"search_term_string"}}],"inLanguage":"en-US"},{"@type":"Person","@id":"https:\/\/reporterdafrique.info\/#\/schema\/person\/e6c969aa000793e687c5399b5ffbdc77","name":"reporterdafrique","image":{"@type":"ImageObject","inLanguage":"en-US","@id":"https:\/\/secure.gravatar.com\/avatar\/7882f7db2f0ee4f772f81ec0ee186273846b76223215f4b2a9c4f2b0017a1f64?s=96&d=mm&r=g","url":"https:\/\/secure.gravatar.com\/avatar\/7882f7db2f0ee4f772f81ec0ee186273846b76223215f4b2a9c4f2b0017a1f64?s=96&d=mm&r=g","contentUrl":"https:\/\/secure.gravatar.com\/avatar\/7882f7db2f0ee4f772f81ec0ee186273846b76223215f4b2a9c4f2b0017a1f64?s=96&d=mm&r=g","caption":"reporterdafrique"},"sameAs":["https:\/\/reporterdafrique.info"],"url":"https:\/\/reporterdafrique.info\/en\/author\/reporterdafrique\/"}]}},"amp_enabled":true,"_links":{"self":[{"href":"https:\/\/reporterdafrique.info\/en\/wp-json\/wp\/v2\/posts\/10924","targetHints":{"allow":["GET"]}}],"collection":[{"href":"https:\/\/reporterdafrique.info\/en\/wp-json\/wp\/v2\/posts"}],"about":[{"href":"https:\/\/reporterdafrique.info\/en\/wp-json\/wp\/v2\/types\/post"}],"author":[{"embeddable":true,"href":"https:\/\/reporterdafrique.info\/en\/wp-json\/wp\/v2\/users\/1"}],"replies":[{"embeddable":true,"href":"https:\/\/reporterdafrique.info\/en\/wp-json\/wp\/v2\/comments?post=10924"}],"version-history":[{"count":1,"href":"https:\/\/reporterdafrique.info\/en\/wp-json\/wp\/v2\/posts\/10924\/revisions"}],"predecessor-version":[{"id":10926,"href":"https:\/\/reporterdafrique.info\/en\/wp-json\/wp\/v2\/posts\/10924\/revisions\/10926"}],"wp:featuredmedia":[{"embeddable":true,"href":"https:\/\/reporterdafrique.info\/en\/wp-json\/wp\/v2\/media\/10925"}],"wp:attachment":[{"href":"https:\/\/reporterdafrique.info\/en\/wp-json\/wp\/v2\/media?parent=10924"}],"wp:term":[{"taxonomy":"category","embeddable":true,"href":"https:\/\/reporterdafrique.info\/en\/wp-json\/wp\/v2\/categories?post=10924"},{"taxonomy":"post_tag","embeddable":true,"href":"https:\/\/reporterdafrique.info\/en\/wp-json\/wp\/v2\/tags?post=10924"}],"curies":[{"name":"wp","href":"https:\/\/api.w.org\/{rel}","templated":true}]}}