{"id":10918,"date":"2026-09-02T12:53:49","date_gmt":"2026-09-02T12:53:49","guid":{"rendered":"https:\/\/reporterdafrique.info\/?p=10918"},"modified":"2026-09-02T12:53:50","modified_gmt":"2026-09-02T12:53:50","slug":"fete-des-ignames-2026-lexcellence-hissee-au-sommet-des-festivites-a-bassar","status":"publish","type":"post","link":"https:\/\/reporterdafrique.info\/en\/fete-des-ignames-2026-lexcellence-hissee-au-sommet-des-festivites-a-bassar\/","title":{"rendered":"F\u00eate des ignames 2026 : L\u2019excellence hiss\u00e9e au sommet des festivit\u00e9s \u00e0 Bassar"},"content":{"rendered":"<p class=\"wp-block-paragraph\">\u00c0 Bassar, la f\u00eate des ignames, \u00e9dition 2026, d\u00e9marre sous le signe de l\u2019excellence et de la valorisation de la jeunesse. La commune de Bassar 1 a donn\u00e9 le coup d\u2019envoi de ses activit\u00e9s par une c\u00e9r\u00e9monie consacr\u00e9e \u00e0 la r\u00e9compense des meilleurs \u00e9l\u00e8ves de l\u2019ann\u00e9e scolaire 2025-2026.<\/p>\n\n\n\n<p class=\"wp-block-paragraph\">Organis\u00e9e le 1er septembre au Centre culturel de Bassar par la mairie de Bassar 1, en collaboration avec les cadres de Bassar, la c\u00e9r\u00e9monie a permis de distinguer vingt \u00e9l\u00e8ves ayant obtenu les meilleurs r\u00e9sultats aux diff\u00e9rents examens. Cinq laur\u00e9ats ont \u00e9t\u00e9 retenus pour chacun des niveaux suivants : CEPD, BEPC, Probatoire et BAC 2.<\/p>\n\n\n\n<p class=\"wp-block-paragraph\">Pour les autorit\u00e9s municipales et les cadres de la localit\u00e9, il s\u2019agit de promouvoir durablement la culture de l\u2019excellence dans les \u00e9tablissements scolaires et d\u2019inciter les apprenants \u00e0 davantage d\u2019efforts. La r\u00e9compense du m\u00e9rite scolaire est ainsi pr\u00e9sent\u00e9e comme un moyen de cr\u00e9er une dynamique positive autour de la r\u00e9ussite et de la performance.<\/p>\n\n\n\n<p class=\"wp-block-paragraph\">Les \u00e9l\u00e8ves distingu\u00e9s sont repartis avec des enveloppes financi\u00e8res et des kits de fournitures scolaires. Une r\u00e9compense accueillie avec enthousiasme par les b\u00e9n\u00e9ficiaires et leurs parents. Les laur\u00e9ats ont promis d\u2019en faire bon usage et de poursuivre leurs efforts afin de maintenir le cap de l\u2019excellence dans la suite de leur cursus.<\/p>\n\n\n\n<p class=\"wp-block-paragraph\">Les r\u00e9sultats enregistr\u00e9s au niveau de la commune t\u00e9moignent d\u2019ailleurs d\u2019une dynamique encourageante. D\u2019apr\u00e8s les donn\u00e9es de l\u2019Inspection de l\u2019enseignement du second degr\u00e9, Bassar 1 a enregistr\u00e9 44,83 % de r\u00e9ussite au BEPC, 79,18 % au BAC 1 et 78,67 % au BAC 2.<\/p>\n\n\n\n<p class=\"wp-block-paragraph\">\u00c0 travers cette initiative, la commune de Bassar 1 entend faire de l\u2019\u00e9ducation et de la r\u00e9ussite des jeunes une composante essentielle de son d\u00e9veloppement. Une mani\u00e8re de rappeler, \u00e0 l\u2019occasion d\u2019une f\u00eate fortement ancr\u00e9e dans les traditions locales, que l\u2019avenir de Bassar passe aussi par la formation et la valorisation de sa jeunesse.<\/p>","protected":false},"excerpt":{"rendered":"<p>\u00c0 Bassar, la f\u00eate des ignames, \u00e9dition 2026, d\u00e9marre sous le signe de l\u2019excellence et de la valorisation de la jeunesse. La commune de Bassar 1 a donn\u00e9 le coup d\u2019envoi de ses activit\u00e9s par une c\u00e9r\u00e9monie consacr\u00e9e \u00e0 la r\u00e9compense des meilleurs \u00e9l\u00e8ves de l\u2019ann\u00e9e scolaire 2025-2026. Organis\u00e9e le 1er septembre au Centre culturel [&hellip;]<\/p>\n","protected":false},"author":1,"featured_media":10919,"comment_status":"open","ping_status":"open","sticky":false,"template":"","format":"standard","meta":{"tdm_status":"","tdm_grid_status":"","footnotes":""},"categories":[57],"tags":[],"class_list":["post-10918","post","type-post","status-publish","format-standard","has-post-thumbnail","category-culture"],"yoast_head":"<!-- This site is optimized with the Yoast SEO plugin v28.4 - https:\/\/yoast.com\/product\/yoast-seo-wordpress\/ -->\n<title>F\u00eate des ignames 2026 : L\u2019excellence hiss\u00e9e au sommet des festivit\u00e9s \u00e0 Bassar - REPORTERDAFRIQUE<\/title>\n<meta name=\"robots\" content=\"index, follow, max-snippet:-1, max-image-preview:large, max-video-preview:-1\" \/>\n<link rel=\"canonical\" href=\"https:\/\/reporterdafrique.info\/en\/fete-des-ignames-2026-lexcellence-hissee-au-sommet-des-festivites-a-bassar\/\" \/>\n<meta property=\"og:locale\" content=\"en_US\" \/>\n<meta property=\"og:type\" content=\"article\" \/>\n<meta property=\"og:title\" content=\"F\u00eate des ignames 2026 : L\u2019excellence hiss\u00e9e au sommet des festivit\u00e9s \u00e0 Bassar - REPORTERDAFRIQUE\" \/>\n<meta property=\"og:description\" content=\"\u00c0 Bassar, la f\u00eate des ignames, \u00e9dition 2026, d\u00e9marre sous le signe de l\u2019excellence et de la valorisation de la jeunesse. La commune de Bassar 1 a donn\u00e9 le coup d\u2019envoi de ses activit\u00e9s par une c\u00e9r\u00e9monie consacr\u00e9e \u00e0 la r\u00e9compense des meilleurs \u00e9l\u00e8ves de l\u2019ann\u00e9e scolaire 2025-2026. Organis\u00e9e le 1er septembre au Centre culturel [&hellip;]\" \/>\n<meta property=\"og:url\" content=\"https:\/\/reporterdafrique.info\/en\/fete-des-ignames-2026-lexcellence-hissee-au-sommet-des-festivites-a-bassar\/\" \/>\n<meta property=\"og:site_name\" content=\"REPORTERDAFRIQUE\" \/>\n<meta property=\"article:published_time\" content=\"2026-09-02T12:53:49+00:00\" \/>\n<meta property=\"article:modified_time\" content=\"2026-09-02T12:53:50+00:00\" \/>\n<meta property=\"og:image\" content=\"https:\/\/reporterdafrique.info\/wp-content\/uploads\/2026\/09\/WhatsApp-Image-2026-09-02-at-09.08.29.jpeg\" \/>\n\t<meta property=\"og:image:width\" content=\"1080\" \/>\n\t<meta property=\"og:image:height\" content=\"605\" \/>\n\t<meta property=\"og:image:type\" content=\"image\/jpeg\" \/>\n<meta name=\"author\" content=\"reporterdafrique\" \/>\n<meta name=\"twitter:card\" content=\"summary_large_image\" \/>\n<meta name=\"twitter:label1\" content=\"Written by\" \/>\n\t<meta name=\"twitter:data1\" content=\"reporterdafrique\" \/>\n\t<meta name=\"twitter:label2\" content=\"Est. reading time\" \/>\n\t<meta name=\"twitter:data2\" content=\"2 minutes\" \/>\n<script type=\"application\/ld+json\" class=\"yoast-schema-graph\">{\"@context\":\"https:\\\/\\\/schema.org\",\"@graph\":[{\"@type\":\"Article\",\"@id\":\"https:\\\/\\\/reporterdafrique.info\\\/fete-des-ignames-2026-lexcellence-hissee-au-sommet-des-festivites-a-bassar\\\/#article\",\"isPartOf\":{\"@id\":\"https:\\\/\\\/reporterdafrique.info\\\/fete-des-ignames-2026-lexcellence-hissee-au-sommet-des-festivites-a-bassar\\\/\"},\"author\":{\"name\":\"reporterdafrique\",\"@id\":\"https:\\\/\\\/reporterdafrique.info\\\/#\\\/schema\\\/person\\\/e6c969aa000793e687c5399b5ffbdc77\"},\"headline\":\"F\u00eate des ignames 2026 : L\u2019excellence hiss\u00e9e au sommet des festivit\u00e9s \u00e0 Bassar\",\"datePublished\":\"2026-09-02T12:53:49+00:00\",\"dateModified\":\"2026-09-02T12:53:50+00:00\",\"mainEntityOfPage\":{\"@id\":\"https:\\\/\\\/reporterdafrique.info\\\/fete-des-ignames-2026-lexcellence-hissee-au-sommet-des-festivites-a-bassar\\\/\"},\"wordCount\":360,\"commentCount\":0,\"image\":{\"@id\":\"https:\\\/\\\/reporterdafrique.info\\\/fete-des-ignames-2026-lexcellence-hissee-au-sommet-des-festivites-a-bassar\\\/#primaryimage\"},\"thumbnailUrl\":\"https:\\\/\\\/reporterdafrique.info\\\/wp-content\\\/uploads\\\/2026\\\/09\\\/WhatsApp-Image-2026-09-02-at-09.08.29.jpeg\",\"articleSection\":[\"Culture\"],\"inLanguage\":\"en-US\",\"potentialAction\":[{\"@type\":\"CommentAction\",\"name\":\"Comment\",\"target\":[\"https:\\\/\\\/reporterdafrique.info\\\/fete-des-ignames-2026-lexcellence-hissee-au-sommet-des-festivites-a-bassar\\\/#respond\"]}]},{\"@type\":\"WebPage\",\"@id\":\"https:\\\/\\\/reporterdafrique.info\\\/fete-des-ignames-2026-lexcellence-hissee-au-sommet-des-festivites-a-bassar\\\/\",\"url\":\"https:\\\/\\\/reporterdafrique.info\\\/fete-des-ignames-2026-lexcellence-hissee-au-sommet-des-festivites-a-bassar\\\/\",\"name\":\"F\u00eate des ignames 2026 : L\u2019excellence hiss\u00e9e au sommet des festivit\u00e9s \u00e0 Bassar - REPORTERDAFRIQUE\",\"isPartOf\":{\"@id\":\"https:\\\/\\\/reporterdafrique.info\\\/#website\"},\"primaryImageOfPage\":{\"@id\":\"https:\\\/\\\/reporterdafrique.info\\\/fete-des-ignames-2026-lexcellence-hissee-au-sommet-des-festivites-a-bassar\\\/#primaryimage\"},\"image\":{\"@id\":\"https:\\\/\\\/reporterdafrique.info\\\/fete-des-ignames-2026-lexcellence-hissee-au-sommet-des-festivites-a-bassar\\\/#primaryimage\"},\"thumbnailUrl\":\"https:\\\/\\\/reporterdafrique.info\\\/wp-content\\\/uploads\\\/2026\\\/09\\\/WhatsApp-Image-2026-09-02-at-09.08.29.jpeg\",\"datePublished\":\"2026-09-02T12:53:49+00:00\",\"dateModified\":\"2026-09-02T12:53:50+00:00\",\"author\":{\"@id\":\"https:\\\/\\\/reporterdafrique.info\\\/#\\\/schema\\\/person\\\/e6c969aa000793e687c5399b5ffbdc77\"},\"breadcrumb\":{\"@id\":\"https:\\\/\\\/reporterdafrique.info\\\/fete-des-ignames-2026-lexcellence-hissee-au-sommet-des-festivites-a-bassar\\\/#breadcrumb\"},\"inLanguage\":\"en-US\",\"potentialAction\":[{\"@type\":\"ReadAction\",\"target\":[\"https:\\\/\\\/reporterdafrique.info\\\/fete-des-ignames-2026-lexcellence-hissee-au-sommet-des-festivites-a-bassar\\\/\"]}]},{\"@type\":\"ImageObject\",\"inLanguage\":\"en-US\",\"@id\":\"https:\\\/\\\/reporterdafrique.info\\\/fete-des-ignames-2026-lexcellence-hissee-au-sommet-des-festivites-a-bassar\\\/#primaryimage\",\"url\":\"https:\\\/\\\/reporterdafrique.info\\\/wp-content\\\/uploads\\\/2026\\\/09\\\/WhatsApp-Image-2026-09-02-at-09.08.29.jpeg\",\"contentUrl\":\"https:\\\/\\\/reporterdafrique.info\\\/wp-content\\\/uploads\\\/2026\\\/09\\\/WhatsApp-Image-2026-09-02-at-09.08.29.jpeg\",\"width\":1080,\"height\":605},{\"@type\":\"BreadcrumbList\",\"@id\":\"https:\\\/\\\/reporterdafrique.info\\\/fete-des-ignames-2026-lexcellence-hissee-au-sommet-des-festivites-a-bassar\\\/#breadcrumb\",\"itemListElement\":[{\"@type\":\"ListItem\",\"position\":1,\"name\":\"Home\",\"item\":\"https:\\\/\\\/reporterdafrique.info\\\/\"},{\"@type\":\"ListItem\",\"position\":2,\"name\":\"F\u00eate des ignames 2026 : L\u2019excellence hiss\u00e9e au sommet des festivit\u00e9s \u00e0 Bassar\"}]},{\"@type\":\"WebSite\",\"@id\":\"https:\\\/\\\/reporterdafrique.info\\\/#website\",\"url\":\"https:\\\/\\\/reporterdafrique.info\\\/\",\"name\":\"REPORTERDAFRIQUE\",\"description\":\"L&#039;Afrique au quotidien\",\"potentialAction\":[{\"@type\":\"SearchAction\",\"target\":{\"@type\":\"EntryPoint\",\"urlTemplate\":\"https:\\\/\\\/reporterdafrique.info\\\/?s={search_term_string}\"},\"query-input\":{\"@type\":\"PropertyValueSpecification\",\"valueRequired\":true,\"valueName\":\"search_term_string\"}}],\"inLanguage\":\"en-US\"},{\"@type\":\"Person\",\"@id\":\"https:\\\/\\\/reporterdafrique.info\\\/#\\\/schema\\\/person\\\/e6c969aa000793e687c5399b5ffbdc77\",\"name\":\"reporterdafrique\",\"image\":{\"@type\":\"ImageObject\",\"inLanguage\":\"en-US\",\"@id\":\"https:\\\/\\\/secure.gravatar.com\\\/avatar\\\/7882f7db2f0ee4f772f81ec0ee186273846b76223215f4b2a9c4f2b0017a1f64?s=96&d=mm&r=g\",\"url\":\"https:\\\/\\\/secure.gravatar.com\\\/avatar\\\/7882f7db2f0ee4f772f81ec0ee186273846b76223215f4b2a9c4f2b0017a1f64?s=96&d=mm&r=g\",\"contentUrl\":\"https:\\\/\\\/secure.gravatar.com\\\/avatar\\\/7882f7db2f0ee4f772f81ec0ee186273846b76223215f4b2a9c4f2b0017a1f64?s=96&d=mm&r=g\",\"caption\":\"reporterdafrique\"},\"sameAs\":[\"https:\\\/\\\/reporterdafrique.info\"],\"url\":\"https:\\\/\\\/reporterdafrique.info\\\/en\\\/author\\\/reporterdafrique\\\/\"}]}<\/script>\n<!-- \/ Yoast SEO plugin. -->","yoast_head_json":{"title":"F\u00eate des ignames 2026 : L\u2019excellence hiss\u00e9e au sommet des festivit\u00e9s \u00e0 Bassar - REPORTERDAFRIQUE","robots":{"index":"index","follow":"follow","max-snippet":"max-snippet:-1","max-image-preview":"max-image-preview:large","max-video-preview":"max-video-preview:-1"},"canonical":"https:\/\/reporterdafrique.info\/en\/fete-des-ignames-2026-lexcellence-hissee-au-sommet-des-festivites-a-bassar\/","og_locale":"en_US","og_type":"article","og_title":"F\u00eate des ignames 2026 : L\u2019excellence hiss\u00e9e au sommet des festivit\u00e9s \u00e0 Bassar - REPORTERDAFRIQUE","og_description":"\u00c0 Bassar, la f\u00eate des ignames, \u00e9dition 2026, d\u00e9marre sous le signe de l\u2019excellence et de la valorisation de la jeunesse. La commune de Bassar 1 a donn\u00e9 le coup d\u2019envoi de ses activit\u00e9s par une c\u00e9r\u00e9monie consacr\u00e9e \u00e0 la r\u00e9compense des meilleurs \u00e9l\u00e8ves de l\u2019ann\u00e9e scolaire 2025-2026. Organis\u00e9e le 1er septembre au Centre culturel [&hellip;]","og_url":"https:\/\/reporterdafrique.info\/en\/fete-des-ignames-2026-lexcellence-hissee-au-sommet-des-festivites-a-bassar\/","og_site_name":"REPORTERDAFRIQUE","article_published_time":"2026-09-02T12:53:49+00:00","article_modified_time":"2026-09-02T12:53:50+00:00","og_image":[{"width":1080,"height":605,"url":"https:\/\/reporterdafrique.info\/wp-content\/uploads\/2026\/09\/WhatsApp-Image-2026-09-02-at-09.08.29.jpeg","type":"image\/jpeg"}],"author":"reporterdafrique","twitter_card":"summary_large_image","twitter_misc":{"Written by":"reporterdafrique","Est. reading time":"2 minutes"},"schema":{"@context":"https:\/\/schema.org","@graph":[{"@type":"Article","@id":"https:\/\/reporterdafrique.info\/fete-des-ignames-2026-lexcellence-hissee-au-sommet-des-festivites-a-bassar\/#article","isPartOf":{"@id":"https:\/\/reporterdafrique.info\/fete-des-ignames-2026-lexcellence-hissee-au-sommet-des-festivites-a-bassar\/"},"author":{"name":"reporterdafrique","@id":"https:\/\/reporterdafrique.info\/#\/schema\/person\/e6c969aa000793e687c5399b5ffbdc77"},"headline":"F\u00eate des ignames 2026 : L\u2019excellence hiss\u00e9e au sommet des festivit\u00e9s \u00e0 Bassar","datePublished":"2026-09-02T12:53:49+00:00","dateModified":"2026-09-02T12:53:50+00:00","mainEntityOfPage":{"@id":"https:\/\/reporterdafrique.info\/fete-des-ignames-2026-lexcellence-hissee-au-sommet-des-festivites-a-bassar\/"},"wordCount":360,"commentCount":0,"image":{"@id":"https:\/\/reporterdafrique.info\/fete-des-ignames-2026-lexcellence-hissee-au-sommet-des-festivites-a-bassar\/#primaryimage"},"thumbnailUrl":"https:\/\/reporterdafrique.info\/wp-content\/uploads\/2026\/09\/WhatsApp-Image-2026-09-02-at-09.08.29.jpeg","articleSection":["Culture"],"inLanguage":"en-US","potentialAction":[{"@type":"CommentAction","name":"Comment","target":["https:\/\/reporterdafrique.info\/fete-des-ignames-2026-lexcellence-hissee-au-sommet-des-festivites-a-bassar\/#respond"]}]},{"@type":"WebPage","@id":"https:\/\/reporterdafrique.info\/fete-des-ignames-2026-lexcellence-hissee-au-sommet-des-festivites-a-bassar\/","url":"https:\/\/reporterdafrique.info\/fete-des-ignames-2026-lexcellence-hissee-au-sommet-des-festivites-a-bassar\/","name":"F\u00eate des ignames 2026 : L\u2019excellence hiss\u00e9e au sommet des festivit\u00e9s \u00e0 Bassar - REPORTERDAFRIQUE","isPartOf":{"@id":"https:\/\/reporterdafrique.info\/#website"},"primaryImageOfPage":{"@id":"https:\/\/reporterdafrique.info\/fete-des-ignames-2026-lexcellence-hissee-au-sommet-des-festivites-a-bassar\/#primaryimage"},"image":{"@id":"https:\/\/reporterdafrique.info\/fete-des-ignames-2026-lexcellence-hissee-au-sommet-des-festivites-a-bassar\/#primaryimage"},"thumbnailUrl":"https:\/\/reporterdafrique.info\/wp-content\/uploads\/2026\/09\/WhatsApp-Image-2026-09-02-at-09.08.29.jpeg","datePublished":"2026-09-02T12:53:49+00:00","dateModified":"2026-09-02T12:53:50+00:00","author":{"@id":"https:\/\/reporterdafrique.info\/#\/schema\/person\/e6c969aa000793e687c5399b5ffbdc77"},"breadcrumb":{"@id":"https:\/\/reporterdafrique.info\/fete-des-ignames-2026-lexcellence-hissee-au-sommet-des-festivites-a-bassar\/#breadcrumb"},"inLanguage":"en-US","potentialAction":[{"@type":"ReadAction","target":["https:\/\/reporterdafrique.info\/fete-des-ignames-2026-lexcellence-hissee-au-sommet-des-festivites-a-bassar\/"]}]},{"@type":"ImageObject","inLanguage":"en-US","@id":"https:\/\/reporterdafrique.info\/fete-des-ignames-2026-lexcellence-hissee-au-sommet-des-festivites-a-bassar\/#primaryimage","url":"https:\/\/reporterdafrique.info\/wp-content\/uploads\/2026\/09\/WhatsApp-Image-2026-09-02-at-09.08.29.jpeg","contentUrl":"https:\/\/reporterdafrique.info\/wp-content\/uploads\/2026\/09\/WhatsApp-Image-2026-09-02-at-09.08.29.jpeg","width":1080,"height":605},{"@type":"BreadcrumbList","@id":"https:\/\/reporterdafrique.info\/fete-des-ignames-2026-lexcellence-hissee-au-sommet-des-festivites-a-bassar\/#breadcrumb","itemListElement":[{"@type":"ListItem","position":1,"name":"Home","item":"https:\/\/reporterdafrique.info\/"},{"@type":"ListItem","position":2,"name":"F\u00eate des ignames 2026 : L\u2019excellence hiss\u00e9e au sommet des festivit\u00e9s \u00e0 Bassar"}]},{"@type":"WebSite","@id":"https:\/\/reporterdafrique.info\/#website","url":"https:\/\/reporterdafrique.info\/","name":"REPORTERDAFRIQUE","description":"L&#039;Afrique au quotidien","potentialAction":[{"@type":"SearchAction","target":{"@type":"EntryPoint","urlTemplate":"https:\/\/reporterdafrique.info\/?s={search_term_string}"},"query-input":{"@type":"PropertyValueSpecification","valueRequired":true,"valueName":"search_term_string"}}],"inLanguage":"en-US"},{"@type":"Person","@id":"https:\/\/reporterdafrique.info\/#\/schema\/person\/e6c969aa000793e687c5399b5ffbdc77","name":"reporterdafrique","image":{"@type":"ImageObject","inLanguage":"en-US","@id":"https:\/\/secure.gravatar.com\/avatar\/7882f7db2f0ee4f772f81ec0ee186273846b76223215f4b2a9c4f2b0017a1f64?s=96&d=mm&r=g","url":"https:\/\/secure.gravatar.com\/avatar\/7882f7db2f0ee4f772f81ec0ee186273846b76223215f4b2a9c4f2b0017a1f64?s=96&d=mm&r=g","contentUrl":"https:\/\/secure.gravatar.com\/avatar\/7882f7db2f0ee4f772f81ec0ee186273846b76223215f4b2a9c4f2b0017a1f64?s=96&d=mm&r=g","caption":"reporterdafrique"},"sameAs":["https:\/\/reporterdafrique.info"],"url":"https:\/\/reporterdafrique.info\/en\/author\/reporterdafrique\/"}]}},"amp_enabled":true,"_links":{"self":[{"href":"https:\/\/reporterdafrique.info\/en\/wp-json\/wp\/v2\/posts\/10918","targetHints":{"allow":["GET"]}}],"collection":[{"href":"https:\/\/reporterdafrique.info\/en\/wp-json\/wp\/v2\/posts"}],"about":[{"href":"https:\/\/reporterdafrique.info\/en\/wp-json\/wp\/v2\/types\/post"}],"author":[{"embeddable":true,"href":"https:\/\/reporterdafrique.info\/en\/wp-json\/wp\/v2\/users\/1"}],"replies":[{"embeddable":true,"href":"https:\/\/reporterdafrique.info\/en\/wp-json\/wp\/v2\/comments?post=10918"}],"version-history":[{"count":1,"href":"https:\/\/reporterdafrique.info\/en\/wp-json\/wp\/v2\/posts\/10918\/revisions"}],"predecessor-version":[{"id":10920,"href":"https:\/\/reporterdafrique.info\/en\/wp-json\/wp\/v2\/posts\/10918\/revisions\/10920"}],"wp:featuredmedia":[{"embeddable":true,"href":"https:\/\/reporterdafrique.info\/en\/wp-json\/wp\/v2\/media\/10919"}],"wp:attachment":[{"href":"https:\/\/reporterdafrique.info\/en\/wp-json\/wp\/v2\/media?parent=10918"}],"wp:term":[{"taxonomy":"category","embeddable":true,"href":"https:\/\/reporterdafrique.info\/en\/wp-json\/wp\/v2\/categories?post=10918"},{"taxonomy":"post_tag","embeddable":true,"href":"https:\/\/reporterdafrique.info\/en\/wp-json\/wp\/v2\/tags?post=10918"}],"curies":[{"name":"wp","href":"https:\/\/api.w.org\/{rel}","templated":true}]}}