{"id":10915,"date":"2026-09-02T12:46:08","date_gmt":"2026-09-02T12:46:08","guid":{"rendered":"https:\/\/reporterdafrique.info\/?p=10915"},"modified":"2026-09-02T12:46:09","modified_gmt":"2026-09-02T12:46:09","slug":"gouvernance-mondiale-faure-gnassingbe-imprime-une-diplomatie-active-a-linternationale","status":"publish","type":"post","link":"https:\/\/reporterdafrique.info\/en\/gouvernance-mondiale-faure-gnassingbe-imprime-une-diplomatie-active-a-linternationale\/","title":{"rendered":"Gouvernance mondiale\u00a0: Faure Gnassingb\u00e9 imprime une diplomatie active \u00e0 l\u2019internationale"},"content":{"rendered":"<p class=\"wp-block-paragraph\">Le dirigeant togolais Faure Gnassingb\u00e9 \u00e9tait au&nbsp; c\u0153ur des travaux du 26<sup>\u00e8me<\/sup> sommet de &nbsp;l\u2019Organisation de coop\u00e9ration de Shanghai (OCS), qui s\u2019est tenu lundi 1<sup>er<\/sup> septembre 2026 \u00e0 Bichkek. Aux c\u00f4t\u00e9s de ses pairs invit\u00e9s \u00e0 cette rencontre de haut niveau, il a partag\u00e9 une r\u00e9flexion sur la transformation de l\u2019ordre international et les implications de l\u2019\u00e9mergence d\u2019un monde de plus en plus multipolaire.<\/p>\n\n\n\n<p class=\"wp-block-paragraph\">A l\u2019entame, le Pr\u00e9sident du Conseil a pos\u00e9 de mani\u00e8re objective le constat d\u2019une profonde recomposition des \u00e9quilibres internationaux. <strong><em>\u00ab&nbsp;Le monde change, de nouveaux centres de puissance \u00e9mergent, de nouveaux \u00e9quilibres \u00e9conomiques se dessinent, de nouvelles voix veulent \u00eatre entendues&nbsp;\u00bb<\/em><\/strong> a- t-il pr\u00e9cis\u00e9. Pour relever ce d\u00e9fi, le Pr\u00e9sident Faure Gnassingb\u00e9 a articul\u00e9 sa vision d\u2019un multilat\u00e9ralisme r\u00e9nov\u00e9 sur trois axes.<\/p>\n\n\n\n<p class=\"wp-block-paragraph\">Dans cette nouvelle configuration mondiale, il a rappel\u00e9 la n\u00e9cessit\u00e9 de rompre avec une vision id\u00e9alis\u00e9e de la multipolarit\u00e9 qui fragilise davantage le monde.<\/p>\n\n\n\n<p class=\"wp-block-paragraph\"><strong><em>\u00ab&nbsp;La multipolarit\u00e9 doit nous donner davantage de choix et non cr\u00e9er de nouvelles divisions. Pour l\u2019Afrique, l\u2019\u00e9mergence de nouveaux partenaires est une opportunit\u00e9. Elle nous permet de diversifier nos relations, de r\u00e9duire certaines d\u00e9pendances et surtout de mieux choisir nos partenariats en fonction de nos propres priorit\u00e9s. Mais soyons lucides, davantage de p\u00f4les de puissance ne signifie pas automatiquement davantage de justice. La multipolarit\u00e9 peut aussi produire plus de rivalit\u00e9s, de fragmentation et de rapports de force&nbsp;\u00bb<\/em><\/strong> a-t-il affirm\u00e9.<\/p>\n\n\n\n<p class=\"wp-block-paragraph\">Cette premi\u00e8re id\u00e9e d\u00e9bouche sur l\u2019articulation essentielle entre la multipolarit\u00e9 et le multilat\u00e9ralisme. Pour le dirigeant togolais, la multipolarit\u00e9 donne davantage de choix aux nations, et elle doit \u00eatre accompagn\u00e9e d\u2019un multilat\u00e9ralisme capable de garantir des r\u00e8gles communes pouvant permettre \u00e0 chaque nation d\u2019exercer librement ses choix en fonction de ses int\u00e9r\u00eats et de ses priorit\u00e9s. C\u2019est d\u2019ailleurs la raison pour laquelle le Pr\u00e9sident Faure a insist\u00e9 sur la n\u00e9cessit\u00e9 d\u2019\u00e9viter la constitution de nouveaux blocs antagonistes.<\/p>\n\n\n\n<p class=\"wp-block-paragraph\">Le Pr\u00e9sident du Conseil a ensuite mis un accent particulier sur l\u2019avenir du syst\u00e8me multilat\u00e9ral, en particulier celui des Nations unies dans un monde multipolaire marqu\u00e9 par les d\u00e9saccords des grandes puissances. Il a, \u00e0 cet effet, rappel\u00e9 l\u2019importance des r\u00e9formes de l\u2019instance mondiale face \u00e0 la mont\u00e9e de la multipolarit\u00e9 et la question de la cr\u00e9dibilit\u00e9 des r\u00e8gles internationales lorsqu\u2019elles sont surtout appliqu\u00e9es selon les crises.<\/p>\n\n\n\n<p class=\"wp-block-paragraph\"><strong><em>\u00ab&nbsp;Les Nations Unies restent indispensables, mais elles doivent profond\u00e9ment \u00e9voluer dans un monde plus multipolaire. Nous avons besoin davantage de multilat\u00e9ralisme et non de moins. L\u2019ONU reste notre seul espace v\u00e9ritablement universel. Mais nous devons aussi regarder objectivement ses limites. Lorsque les grandes puissances s\u2019opposent, nos institutions sont trop souvent paralys\u00e9es. Lorsque les m\u00eames r\u00e8gles semblent appliqu\u00e9es diff\u00e9remment selon les crises, leur l\u00e9gitimit\u00e9 s\u2019affaiblit&nbsp;\u00bb.<\/em><\/strong><\/p>\n\n\n\n<p class=\"wp-block-paragraph\">La question de la repr\u00e9sentation de l\u2019Afrique dans le concert des nations constitue \u00e9galement un \u00e9l\u00e9ment central de cette r\u00e9flexion sur la transformation du syst\u00e8me multilat\u00e9ral.&nbsp; Le Pr\u00e9sident du Conseil estime dans ce contexte que, <strong><em>\u00ab&nbsp;lorsque l\u2019Afrique reste insuffisamment repr\u00e9sent\u00e9e, nous ne pouvons pas parler d\u2019un ordre mondial pleinement juste. &nbsp;D\u00e9fendre les Nations Unies ne signifie donc pas d\u00e9fendre le monde d\u2019hier. Cela signifie plut\u00f4t les transformer pour le monde de demain y compris dans la composition de ses organes de direction. Cela signifie aussi mieux articuler l\u2019ONU avec l\u2019Union africaine, l\u2019Organisation de coop\u00e9ration de Shanghai et les autres organisations r\u00e9gionales&nbsp;\u00bb.<\/em><\/strong><\/p>\n\n\n\n<p class=\"wp-block-paragraph\">Il a ainsi invit\u00e9 les chefs d\u2019Etat et de gouvernement \u00e0 faire de la multipolarit\u00e9 une nouvelle force du multilat\u00e9ralisme.<\/p>\n\n\n\n<p class=\"wp-block-paragraph\">Le Pr\u00e9sident du Conseil a \u00e9galement orient\u00e9 sa r\u00e9flexion vers la dimension \u00e9conomique de la transformation de l\u2019ordre international. Selon le dirigeant togolais, la justice du syst\u00e8me international ne peut \u00eatre appr\u00e9ci\u00e9e uniquement \u00e0 l\u2019aune de la repr\u00e9sentation politique des pays du Sud. Elle doit \u00e9galement se traduire par leur capacit\u00e9 r\u00e9elle \u00e0 financer leur propre d\u00e9veloppement et \u00e0 valoriser leurs ressources.<\/p>\n\n\n\n<p class=\"wp-block-paragraph\"><strong><em>\u00ab&nbsp;Un ordre mondial plus juste doit donner au Sud une v\u00e9ritable capacit\u00e9 de choix. \u00catre mieux repr\u00e9sent\u00e9 ne suffira pas. Nos pays doivent aussi pouvoir financer leur d\u00e9veloppement, transformer leurs ressources et cr\u00e9er davantage de valeur chez eux. C\u2019est tout le sens que nous devons donner aux institutions de coop\u00e9ration r\u00e9gionale, et au rapprochement entre l\u2019Afrique et les grands p\u00f4les \u00e9mergents&nbsp;\u00bb.<\/em><\/strong><\/p>\n\n\n\n<p class=\"wp-block-paragraph\">La r\u00e9forme de la gouvernance mondiale doit aussi \u00eatre accompagn\u00e9e non seulement d\u2019une transformation des m\u00e9canismes \u00e9conomiques et financiers mondiaux, mais aussi d\u2019une diversification des partenariats fond\u00e9s sur l\u2019investissement productif, les infrastructures, la transformation locale et le transfert de technologies avec l\u2019Asie, avec l\u2019Europe, avec les Am\u00e9riques et entre pays africains, pour l\u2019Afrique.<\/p>\n\n\n\n<p class=\"wp-block-paragraph\">Cette vision du Pr\u00e9sident du Conseil a une seule ambition, permettre \u00e0 l\u2019Afrique de devenir un acteur \u00e0 part enti\u00e8re de la recomposition de l\u2019ordre mondial.<\/p>\n\n\n\n<p class=\"wp-block-paragraph\">A cette tribune de l\u2019OCS +, plusieurs dirigeants ont \u00e9lev\u00e9 leur voix pour appeler \u00e0 un monde solidaire, plus juste, s\u00e9curis\u00e9 et \u00e9pris de paix.<\/p>\n\n\n\n<p class=\"wp-block-paragraph\">Pour rappel, l\u2019Organisation de coop\u00e9ration de Shanghai Plus (OCS+) est une instance de l\u2019OCS qui r\u00e9unit autour d\u2019une m\u00eame probl\u00e9matique li\u00e9e \u00e0 la gouvernance mondiale, les Etats membres de l\u2019organisation intergouvernementale de l\u2019Eurasie, leurs partenaires de dialogue ainsi que les pays invit\u00e9s.<\/p>\n\n\n\n<p class=\"wp-block-paragraph\">Cette \u00e9dition a r\u00e9uni les plus hauts dirigeants de l\u2019OCS, \u00e0 savoir les Pr\u00e9sidents Xi Jinping de Chine, Vladimir Poutine de la F\u00e9d\u00e9ration de Russie, Alexandre Loukachenko de Bi\u00e9lorussie, les Premiers ministres Narendra Modi de l\u2019Inde, et Shehbaz Sharif de la R\u00e9publique islamique du Pakistan, les Pr\u00e9sidents Massoud Pezeshkian de la R\u00e9publique islamique d\u2019Iran, Kassym-Jomart Toka\u00efev du Kazakhstan, Emomali Rahmon du Tadjikistan et Chavkat Mirzio\u00efev de l\u2019Ouzb\u00e9kistan.<\/p>\n\n\n\n<p class=\"wp-block-paragraph\">La conf\u00e9rence a \u00e9galement enregistr\u00e9 la participation effective des dirigeants et des hauts repr\u00e9sentants des pays partenaires et invit\u00e9s notamment, l\u2019Egypte, la Turquie, l\u2019Azerba\u00efdjan, l\u2019Arm\u00e9nie, la Mongolie, ainsi que le Laos et le Vietnam, signe de la diversit\u00e9 et de l\u2019ampleur de cette plateforme de dialogue.<\/p>\n\n\n\n<p class=\"wp-block-paragraph\"><\/p>","protected":false},"excerpt":{"rendered":"<p>Le dirigeant togolais Faure Gnassingb\u00e9 \u00e9tait au&nbsp; c\u0153ur des travaux du 26\u00e8me sommet de &nbsp;l\u2019Organisation de coop\u00e9ration de Shanghai (OCS), qui s\u2019est tenu lundi 1er septembre 2026 \u00e0 Bichkek. Aux c\u00f4t\u00e9s de ses pairs invit\u00e9s \u00e0 cette rencontre de haut niveau, il a partag\u00e9 une r\u00e9flexion sur la transformation de l\u2019ordre international et les implications [&hellip;]<\/p>\n","protected":false},"author":1,"featured_media":10916,"comment_status":"open","ping_status":"open","sticky":false,"template":"","format":"standard","meta":{"tdm_status":"","tdm_grid_status":"","footnotes":""},"categories":[49],"tags":[],"class_list":["post-10915","post","type-post","status-publish","format-standard","has-post-thumbnail","category-politique"],"yoast_head":"<!-- This site is optimized with the Yoast SEO plugin v28.4 - https:\/\/yoast.com\/product\/yoast-seo-wordpress\/ -->\n<title>Gouvernance mondiale\u00a0: Faure Gnassingb\u00e9 imprime une diplomatie active \u00e0 l\u2019internationale - REPORTERDAFRIQUE<\/title>\n<meta name=\"robots\" content=\"index, follow, max-snippet:-1, max-image-preview:large, max-video-preview:-1\" \/>\n<link rel=\"canonical\" href=\"https:\/\/reporterdafrique.info\/en\/gouvernance-mondiale-faure-gnassingbe-imprime-une-diplomatie-active-a-linternationale\/\" \/>\n<meta property=\"og:locale\" content=\"en_US\" \/>\n<meta property=\"og:type\" content=\"article\" \/>\n<meta property=\"og:title\" content=\"Gouvernance mondiale\u00a0: Faure Gnassingb\u00e9 imprime une diplomatie active \u00e0 l\u2019internationale - REPORTERDAFRIQUE\" \/>\n<meta property=\"og:description\" content=\"Le dirigeant togolais Faure Gnassingb\u00e9 \u00e9tait au&nbsp; c\u0153ur des travaux du 26\u00e8me sommet de &nbsp;l\u2019Organisation de coop\u00e9ration de Shanghai (OCS), qui s\u2019est tenu lundi 1er septembre 2026 \u00e0 Bichkek. Aux c\u00f4t\u00e9s de ses pairs invit\u00e9s \u00e0 cette rencontre de haut niveau, il a partag\u00e9 une r\u00e9flexion sur la transformation de l\u2019ordre international et les implications [&hellip;]\" \/>\n<meta property=\"og:url\" content=\"https:\/\/reporterdafrique.info\/en\/gouvernance-mondiale-faure-gnassingbe-imprime-une-diplomatie-active-a-linternationale\/\" \/>\n<meta property=\"og:site_name\" content=\"REPORTERDAFRIQUE\" \/>\n<meta property=\"article:published_time\" content=\"2026-09-02T12:46:08+00:00\" \/>\n<meta property=\"article:modified_time\" content=\"2026-09-02T12:46:09+00:00\" \/>\n<meta property=\"og:image\" content=\"https:\/\/reporterdafrique.info\/wp-content\/uploads\/2026\/09\/Reforme-de-la-gouvernance-mondiale-Faure-Gnassingbe-porte-la-voix-de-lAfrique-a-la-tribune-de-lOCS-1.jpeg\" \/>\n\t<meta property=\"og:image:width\" content=\"800\" \/>\n\t<meta property=\"og:image:height\" content=\"520\" \/>\n\t<meta property=\"og:image:type\" content=\"image\/jpeg\" \/>\n<meta name=\"author\" content=\"reporterdafrique\" \/>\n<meta name=\"twitter:card\" content=\"summary_large_image\" \/>\n<meta name=\"twitter:label1\" content=\"Written by\" \/>\n\t<meta name=\"twitter:data1\" content=\"reporterdafrique\" \/>\n\t<meta name=\"twitter:label2\" content=\"Est. reading time\" \/>\n\t<meta name=\"twitter:data2\" content=\"6 minutes\" \/>\n<script type=\"application\/ld+json\" class=\"yoast-schema-graph\">{\"@context\":\"https:\\\/\\\/schema.org\",\"@graph\":[{\"@type\":\"Article\",\"@id\":\"https:\\\/\\\/reporterdafrique.info\\\/gouvernance-mondiale-faure-gnassingbe-imprime-une-diplomatie-active-a-linternationale\\\/#article\",\"isPartOf\":{\"@id\":\"https:\\\/\\\/reporterdafrique.info\\\/gouvernance-mondiale-faure-gnassingbe-imprime-une-diplomatie-active-a-linternationale\\\/\"},\"author\":{\"name\":\"reporterdafrique\",\"@id\":\"https:\\\/\\\/reporterdafrique.info\\\/#\\\/schema\\\/person\\\/e6c969aa000793e687c5399b5ffbdc77\"},\"headline\":\"Gouvernance mondiale\u00a0: Faure Gnassingb\u00e9 imprime une diplomatie active \u00e0 l\u2019internationale\",\"datePublished\":\"2026-09-02T12:46:08+00:00\",\"dateModified\":\"2026-09-02T12:46:09+00:00\",\"mainEntityOfPage\":{\"@id\":\"https:\\\/\\\/reporterdafrique.info\\\/gouvernance-mondiale-faure-gnassingbe-imprime-une-diplomatie-active-a-linternationale\\\/\"},\"wordCount\":1115,\"commentCount\":0,\"image\":{\"@id\":\"https:\\\/\\\/reporterdafrique.info\\\/gouvernance-mondiale-faure-gnassingbe-imprime-une-diplomatie-active-a-linternationale\\\/#primaryimage\"},\"thumbnailUrl\":\"https:\\\/\\\/reporterdafrique.info\\\/wp-content\\\/uploads\\\/2026\\\/09\\\/Reforme-de-la-gouvernance-mondiale-Faure-Gnassingbe-porte-la-voix-de-lAfrique-a-la-tribune-de-lOCS-1.jpeg\",\"articleSection\":[\"politique\"],\"inLanguage\":\"en-US\",\"potentialAction\":[{\"@type\":\"CommentAction\",\"name\":\"Comment\",\"target\":[\"https:\\\/\\\/reporterdafrique.info\\\/gouvernance-mondiale-faure-gnassingbe-imprime-une-diplomatie-active-a-linternationale\\\/#respond\"]}]},{\"@type\":\"WebPage\",\"@id\":\"https:\\\/\\\/reporterdafrique.info\\\/gouvernance-mondiale-faure-gnassingbe-imprime-une-diplomatie-active-a-linternationale\\\/\",\"url\":\"https:\\\/\\\/reporterdafrique.info\\\/gouvernance-mondiale-faure-gnassingbe-imprime-une-diplomatie-active-a-linternationale\\\/\",\"name\":\"Gouvernance mondiale\u00a0: Faure Gnassingb\u00e9 imprime une diplomatie active \u00e0 l\u2019internationale - REPORTERDAFRIQUE\",\"isPartOf\":{\"@id\":\"https:\\\/\\\/reporterdafrique.info\\\/#website\"},\"primaryImageOfPage\":{\"@id\":\"https:\\\/\\\/reporterdafrique.info\\\/gouvernance-mondiale-faure-gnassingbe-imprime-une-diplomatie-active-a-linternationale\\\/#primaryimage\"},\"image\":{\"@id\":\"https:\\\/\\\/reporterdafrique.info\\\/gouvernance-mondiale-faure-gnassingbe-imprime-une-diplomatie-active-a-linternationale\\\/#primaryimage\"},\"thumbnailUrl\":\"https:\\\/\\\/reporterdafrique.info\\\/wp-content\\\/uploads\\\/2026\\\/09\\\/Reforme-de-la-gouvernance-mondiale-Faure-Gnassingbe-porte-la-voix-de-lAfrique-a-la-tribune-de-lOCS-1.jpeg\",\"datePublished\":\"2026-09-02T12:46:08+00:00\",\"dateModified\":\"2026-09-02T12:46:09+00:00\",\"author\":{\"@id\":\"https:\\\/\\\/reporterdafrique.info\\\/#\\\/schema\\\/person\\\/e6c969aa000793e687c5399b5ffbdc77\"},\"breadcrumb\":{\"@id\":\"https:\\\/\\\/reporterdafrique.info\\\/gouvernance-mondiale-faure-gnassingbe-imprime-une-diplomatie-active-a-linternationale\\\/#breadcrumb\"},\"inLanguage\":\"en-US\",\"potentialAction\":[{\"@type\":\"ReadAction\",\"target\":[\"https:\\\/\\\/reporterdafrique.info\\\/gouvernance-mondiale-faure-gnassingbe-imprime-une-diplomatie-active-a-linternationale\\\/\"]}]},{\"@type\":\"ImageObject\",\"inLanguage\":\"en-US\",\"@id\":\"https:\\\/\\\/reporterdafrique.info\\\/gouvernance-mondiale-faure-gnassingbe-imprime-une-diplomatie-active-a-linternationale\\\/#primaryimage\",\"url\":\"https:\\\/\\\/reporterdafrique.info\\\/wp-content\\\/uploads\\\/2026\\\/09\\\/Reforme-de-la-gouvernance-mondiale-Faure-Gnassingbe-porte-la-voix-de-lAfrique-a-la-tribune-de-lOCS-1.jpeg\",\"contentUrl\":\"https:\\\/\\\/reporterdafrique.info\\\/wp-content\\\/uploads\\\/2026\\\/09\\\/Reforme-de-la-gouvernance-mondiale-Faure-Gnassingbe-porte-la-voix-de-lAfrique-a-la-tribune-de-lOCS-1.jpeg\",\"width\":800,\"height\":520},{\"@type\":\"BreadcrumbList\",\"@id\":\"https:\\\/\\\/reporterdafrique.info\\\/gouvernance-mondiale-faure-gnassingbe-imprime-une-diplomatie-active-a-linternationale\\\/#breadcrumb\",\"itemListElement\":[{\"@type\":\"ListItem\",\"position\":1,\"name\":\"Home\",\"item\":\"https:\\\/\\\/reporterdafrique.info\\\/\"},{\"@type\":\"ListItem\",\"position\":2,\"name\":\"Gouvernance mondiale\u00a0: Faure Gnassingb\u00e9 imprime une diplomatie active \u00e0 l\u2019internationale\"}]},{\"@type\":\"WebSite\",\"@id\":\"https:\\\/\\\/reporterdafrique.info\\\/#website\",\"url\":\"https:\\\/\\\/reporterdafrique.info\\\/\",\"name\":\"REPORTERDAFRIQUE\",\"description\":\"L&#039;Afrique au quotidien\",\"potentialAction\":[{\"@type\":\"SearchAction\",\"target\":{\"@type\":\"EntryPoint\",\"urlTemplate\":\"https:\\\/\\\/reporterdafrique.info\\\/?s={search_term_string}\"},\"query-input\":{\"@type\":\"PropertyValueSpecification\",\"valueRequired\":true,\"valueName\":\"search_term_string\"}}],\"inLanguage\":\"en-US\"},{\"@type\":\"Person\",\"@id\":\"https:\\\/\\\/reporterdafrique.info\\\/#\\\/schema\\\/person\\\/e6c969aa000793e687c5399b5ffbdc77\",\"name\":\"reporterdafrique\",\"image\":{\"@type\":\"ImageObject\",\"inLanguage\":\"en-US\",\"@id\":\"https:\\\/\\\/secure.gravatar.com\\\/avatar\\\/7882f7db2f0ee4f772f81ec0ee186273846b76223215f4b2a9c4f2b0017a1f64?s=96&d=mm&r=g\",\"url\":\"https:\\\/\\\/secure.gravatar.com\\\/avatar\\\/7882f7db2f0ee4f772f81ec0ee186273846b76223215f4b2a9c4f2b0017a1f64?s=96&d=mm&r=g\",\"contentUrl\":\"https:\\\/\\\/secure.gravatar.com\\\/avatar\\\/7882f7db2f0ee4f772f81ec0ee186273846b76223215f4b2a9c4f2b0017a1f64?s=96&d=mm&r=g\",\"caption\":\"reporterdafrique\"},\"sameAs\":[\"https:\\\/\\\/reporterdafrique.info\"],\"url\":\"https:\\\/\\\/reporterdafrique.info\\\/en\\\/author\\\/reporterdafrique\\\/\"}]}<\/script>\n<!-- \/ Yoast SEO plugin. -->","yoast_head_json":{"title":"Gouvernance mondiale\u00a0: Faure Gnassingb\u00e9 imprime une diplomatie active \u00e0 l\u2019internationale - REPORTERDAFRIQUE","robots":{"index":"index","follow":"follow","max-snippet":"max-snippet:-1","max-image-preview":"max-image-preview:large","max-video-preview":"max-video-preview:-1"},"canonical":"https:\/\/reporterdafrique.info\/en\/gouvernance-mondiale-faure-gnassingbe-imprime-une-diplomatie-active-a-linternationale\/","og_locale":"en_US","og_type":"article","og_title":"Gouvernance mondiale\u00a0: Faure Gnassingb\u00e9 imprime une diplomatie active \u00e0 l\u2019internationale - REPORTERDAFRIQUE","og_description":"Le dirigeant togolais Faure Gnassingb\u00e9 \u00e9tait au&nbsp; c\u0153ur des travaux du 26\u00e8me sommet de &nbsp;l\u2019Organisation de coop\u00e9ration de Shanghai (OCS), qui s\u2019est tenu lundi 1er septembre 2026 \u00e0 Bichkek. Aux c\u00f4t\u00e9s de ses pairs invit\u00e9s \u00e0 cette rencontre de haut niveau, il a partag\u00e9 une r\u00e9flexion sur la transformation de l\u2019ordre international et les implications [&hellip;]","og_url":"https:\/\/reporterdafrique.info\/en\/gouvernance-mondiale-faure-gnassingbe-imprime-une-diplomatie-active-a-linternationale\/","og_site_name":"REPORTERDAFRIQUE","article_published_time":"2026-09-02T12:46:08+00:00","article_modified_time":"2026-09-02T12:46:09+00:00","og_image":[{"width":800,"height":520,"url":"https:\/\/reporterdafrique.info\/wp-content\/uploads\/2026\/09\/Reforme-de-la-gouvernance-mondiale-Faure-Gnassingbe-porte-la-voix-de-lAfrique-a-la-tribune-de-lOCS-1.jpeg","type":"image\/jpeg"}],"author":"reporterdafrique","twitter_card":"summary_large_image","twitter_misc":{"Written by":"reporterdafrique","Est. reading time":"6 minutes"},"schema":{"@context":"https:\/\/schema.org","@graph":[{"@type":"Article","@id":"https:\/\/reporterdafrique.info\/gouvernance-mondiale-faure-gnassingbe-imprime-une-diplomatie-active-a-linternationale\/#article","isPartOf":{"@id":"https:\/\/reporterdafrique.info\/gouvernance-mondiale-faure-gnassingbe-imprime-une-diplomatie-active-a-linternationale\/"},"author":{"name":"reporterdafrique","@id":"https:\/\/reporterdafrique.info\/#\/schema\/person\/e6c969aa000793e687c5399b5ffbdc77"},"headline":"Gouvernance mondiale\u00a0: Faure Gnassingb\u00e9 imprime une diplomatie active \u00e0 l\u2019internationale","datePublished":"2026-09-02T12:46:08+00:00","dateModified":"2026-09-02T12:46:09+00:00","mainEntityOfPage":{"@id":"https:\/\/reporterdafrique.info\/gouvernance-mondiale-faure-gnassingbe-imprime-une-diplomatie-active-a-linternationale\/"},"wordCount":1115,"commentCount":0,"image":{"@id":"https:\/\/reporterdafrique.info\/gouvernance-mondiale-faure-gnassingbe-imprime-une-diplomatie-active-a-linternationale\/#primaryimage"},"thumbnailUrl":"https:\/\/reporterdafrique.info\/wp-content\/uploads\/2026\/09\/Reforme-de-la-gouvernance-mondiale-Faure-Gnassingbe-porte-la-voix-de-lAfrique-a-la-tribune-de-lOCS-1.jpeg","articleSection":["politique"],"inLanguage":"en-US","potentialAction":[{"@type":"CommentAction","name":"Comment","target":["https:\/\/reporterdafrique.info\/gouvernance-mondiale-faure-gnassingbe-imprime-une-diplomatie-active-a-linternationale\/#respond"]}]},{"@type":"WebPage","@id":"https:\/\/reporterdafrique.info\/gouvernance-mondiale-faure-gnassingbe-imprime-une-diplomatie-active-a-linternationale\/","url":"https:\/\/reporterdafrique.info\/gouvernance-mondiale-faure-gnassingbe-imprime-une-diplomatie-active-a-linternationale\/","name":"Gouvernance mondiale\u00a0: Faure Gnassingb\u00e9 imprime une diplomatie active \u00e0 l\u2019internationale - REPORTERDAFRIQUE","isPartOf":{"@id":"https:\/\/reporterdafrique.info\/#website"},"primaryImageOfPage":{"@id":"https:\/\/reporterdafrique.info\/gouvernance-mondiale-faure-gnassingbe-imprime-une-diplomatie-active-a-linternationale\/#primaryimage"},"image":{"@id":"https:\/\/reporterdafrique.info\/gouvernance-mondiale-faure-gnassingbe-imprime-une-diplomatie-active-a-linternationale\/#primaryimage"},"thumbnailUrl":"https:\/\/reporterdafrique.info\/wp-content\/uploads\/2026\/09\/Reforme-de-la-gouvernance-mondiale-Faure-Gnassingbe-porte-la-voix-de-lAfrique-a-la-tribune-de-lOCS-1.jpeg","datePublished":"2026-09-02T12:46:08+00:00","dateModified":"2026-09-02T12:46:09+00:00","author":{"@id":"https:\/\/reporterdafrique.info\/#\/schema\/person\/e6c969aa000793e687c5399b5ffbdc77"},"breadcrumb":{"@id":"https:\/\/reporterdafrique.info\/gouvernance-mondiale-faure-gnassingbe-imprime-une-diplomatie-active-a-linternationale\/#breadcrumb"},"inLanguage":"en-US","potentialAction":[{"@type":"ReadAction","target":["https:\/\/reporterdafrique.info\/gouvernance-mondiale-faure-gnassingbe-imprime-une-diplomatie-active-a-linternationale\/"]}]},{"@type":"ImageObject","inLanguage":"en-US","@id":"https:\/\/reporterdafrique.info\/gouvernance-mondiale-faure-gnassingbe-imprime-une-diplomatie-active-a-linternationale\/#primaryimage","url":"https:\/\/reporterdafrique.info\/wp-content\/uploads\/2026\/09\/Reforme-de-la-gouvernance-mondiale-Faure-Gnassingbe-porte-la-voix-de-lAfrique-a-la-tribune-de-lOCS-1.jpeg","contentUrl":"https:\/\/reporterdafrique.info\/wp-content\/uploads\/2026\/09\/Reforme-de-la-gouvernance-mondiale-Faure-Gnassingbe-porte-la-voix-de-lAfrique-a-la-tribune-de-lOCS-1.jpeg","width":800,"height":520},{"@type":"BreadcrumbList","@id":"https:\/\/reporterdafrique.info\/gouvernance-mondiale-faure-gnassingbe-imprime-une-diplomatie-active-a-linternationale\/#breadcrumb","itemListElement":[{"@type":"ListItem","position":1,"name":"Home","item":"https:\/\/reporterdafrique.info\/"},{"@type":"ListItem","position":2,"name":"Gouvernance mondiale\u00a0: Faure Gnassingb\u00e9 imprime une diplomatie active \u00e0 l\u2019internationale"}]},{"@type":"WebSite","@id":"https:\/\/reporterdafrique.info\/#website","url":"https:\/\/reporterdafrique.info\/","name":"REPORTERDAFRIQUE","description":"L&#039;Afrique au quotidien","potentialAction":[{"@type":"SearchAction","target":{"@type":"EntryPoint","urlTemplate":"https:\/\/reporterdafrique.info\/?s={search_term_string}"},"query-input":{"@type":"PropertyValueSpecification","valueRequired":true,"valueName":"search_term_string"}}],"inLanguage":"en-US"},{"@type":"Person","@id":"https:\/\/reporterdafrique.info\/#\/schema\/person\/e6c969aa000793e687c5399b5ffbdc77","name":"reporterdafrique","image":{"@type":"ImageObject","inLanguage":"en-US","@id":"https:\/\/secure.gravatar.com\/avatar\/7882f7db2f0ee4f772f81ec0ee186273846b76223215f4b2a9c4f2b0017a1f64?s=96&d=mm&r=g","url":"https:\/\/secure.gravatar.com\/avatar\/7882f7db2f0ee4f772f81ec0ee186273846b76223215f4b2a9c4f2b0017a1f64?s=96&d=mm&r=g","contentUrl":"https:\/\/secure.gravatar.com\/avatar\/7882f7db2f0ee4f772f81ec0ee186273846b76223215f4b2a9c4f2b0017a1f64?s=96&d=mm&r=g","caption":"reporterdafrique"},"sameAs":["https:\/\/reporterdafrique.info"],"url":"https:\/\/reporterdafrique.info\/en\/author\/reporterdafrique\/"}]}},"amp_enabled":true,"_links":{"self":[{"href":"https:\/\/reporterdafrique.info\/en\/wp-json\/wp\/v2\/posts\/10915","targetHints":{"allow":["GET"]}}],"collection":[{"href":"https:\/\/reporterdafrique.info\/en\/wp-json\/wp\/v2\/posts"}],"about":[{"href":"https:\/\/reporterdafrique.info\/en\/wp-json\/wp\/v2\/types\/post"}],"author":[{"embeddable":true,"href":"https:\/\/reporterdafrique.info\/en\/wp-json\/wp\/v2\/users\/1"}],"replies":[{"embeddable":true,"href":"https:\/\/reporterdafrique.info\/en\/wp-json\/wp\/v2\/comments?post=10915"}],"version-history":[{"count":1,"href":"https:\/\/reporterdafrique.info\/en\/wp-json\/wp\/v2\/posts\/10915\/revisions"}],"predecessor-version":[{"id":10917,"href":"https:\/\/reporterdafrique.info\/en\/wp-json\/wp\/v2\/posts\/10915\/revisions\/10917"}],"wp:featuredmedia":[{"embeddable":true,"href":"https:\/\/reporterdafrique.info\/en\/wp-json\/wp\/v2\/media\/10916"}],"wp:attachment":[{"href":"https:\/\/reporterdafrique.info\/en\/wp-json\/wp\/v2\/media?parent=10915"}],"wp:term":[{"taxonomy":"category","embeddable":true,"href":"https:\/\/reporterdafrique.info\/en\/wp-json\/wp\/v2\/categories?post=10915"},{"taxonomy":"post_tag","embeddable":true,"href":"https:\/\/reporterdafrique.info\/en\/wp-json\/wp\/v2\/tags?post=10915"}],"curies":[{"name":"wp","href":"https:\/\/api.w.org\/{rel}","templated":true}]}}