{"id":10905,"date":"2026-08-31T11:59:34","date_gmt":"2026-08-31T11:59:34","guid":{"rendered":"https:\/\/reporterdafrique.info\/?p=10905"},"modified":"2026-08-31T11:59:35","modified_gmt":"2026-08-31T11:59:35","slug":"26-eme-sommet-sur-la-cooperation-de-shanghai-faure-gnassingbe-activement-implique-dans-les-travaux","status":"publish","type":"post","link":"https:\/\/reporterdafrique.info\/en\/26-eme-sommet-sur-la-cooperation-de-shanghai-faure-gnassingbe-activement-implique-dans-les-travaux\/","title":{"rendered":"26 \u00e8me sommet sur la Coop\u00e9ration de Shanghai\u00a0: Faure Gnassingb\u00e9 activement impliqu\u00e9 dans les travaux"},"content":{"rendered":"<p class=\"wp-block-paragraph\">Le 26\u00e8me sommet sur la Coop\u00e9ration de Shanghai (OCS) s\u2019ouvre ce 31 ao\u00fbt 2026 \u00e0 Bichkek au Kirghizistan sur le th\u00e8me <strong><em>\u00ab 25 ans de l\u2019OCS : ensemble pour une paix durable, le d\u00e9veloppement et la prosp\u00e9rit\u00e9 \u00bb.<\/em><\/strong> Le Pr\u00e9sident du Conseil, togolais &nbsp;Faure GNASSINGB\u00c9 prend part \u00e0 cette rencontre internationale de tr\u00e8s haut niveau des chefs d\u2019Etat et de gouvernement de l\u2019Eurasie.<\/p>\n\n\n\n<p class=\"wp-block-paragraph\">Le Togo et l\u2019Egypte sont les seuls pays africains invit\u00e9s \u00e0 ce sommet pour porter la voix de l\u2019Afrique et contribuer aux \u00e9changes sur les grands enjeux de la gouvernance mondiale. Au-del\u00e0 des volets \u00e9conomiques et g\u00e9ostrat\u00e9giques, le sommet examinera les m\u00e9canismes de lutte contre le terrorisme, l\u2019extr\u00e9misme violent et la cybercriminalit\u00e9 dans la r\u00e9gion, les politiques de d\u00e9veloppement des infrastructures et de connectivit\u00e9 ainsi que la cr\u00e9ation d\u2019une architecture financi\u00e8re ind\u00e9pendante.<\/p>\n\n\n\n<p class=\"wp-block-paragraph\">En plus des questions de multilat\u00e9ralisme port\u00e9es par le Sud Global, le Pr\u00e9sident du Conseil \u00e9voquera la situation s\u00e9curitaire humanitaire de la sous-r\u00e9gion ouest-africaine et du continent ainsi que la contribution du Togo \u00e0 la recherche des solutions durables \u00e0 ces d\u00e9fis. Engag\u00e9 dans une diplomatie fond\u00e9e sur la diversification de ses relations d\u2019amiti\u00e9 et de coop\u00e9ration, le Togo entretient d\u2019excellents partenariats avec les pays de l\u2019Eurasie notamment la Chine, la Russie et l\u2019Inde dans plusieurs domaines \u00e0 fort impact \u00e9conomique, s\u00e9curitaire et social.<\/p>\n\n\n\n<p class=\"wp-block-paragraph\">Cette participation du Pr\u00e9sident du Conseil t\u00e9moigne du positionnement strat\u00e9gique du Togo et de la reconnaissance internationale de l\u2019efficacit\u00e9 de sa diplomatie. Elle illustre \u00e9galement la place croissante du Togo dans les grands rendez-vous internationaux et constitue une nouvelle occasion de porter la voix de l\u2019Afrique sur les enjeux de paix, de s\u00e9curit\u00e9, de d\u00e9veloppement et de coop\u00e9ration internationale.<\/p>\n\n\n\n<p class=\"wp-block-paragraph\">Cr\u00e9\u00e9e en 2001, l\u2019Organisation de la Coop\u00e9ration de Shanghai (OCS) regroupe une dizaine de pays. Elle a pour objectif le d\u00e9veloppement d\u2019une coop\u00e9ration multiforme visant \u00e0 maintenir et \u00e0 renforcer la paix, la s\u00e9curit\u00e9 et la stabilit\u00e9 dans la r\u00e9gion, ainsi que la facilitation de la mise en place d\u2019un Nouvel ordre politique et \u00e9conomique international d\u00e9mocratique, juste et rationnel.<\/p>\n\n\n\n<p class=\"wp-block-paragraph\">Dans cette dynamique d\u2019ouverture, l\u2019OCS entend \u00e9tablir un partenariat avec l\u2019Union africaine (UA), fond\u00e9 sur le dialogue et la promotion des int\u00e9r\u00eats communs entre les pays d\u2019Asie et d\u2019Afrique qui partagent les valeurs et les id\u00e9aux de l\u2019organisation.<\/p>\n\n\n\n<p class=\"wp-block-paragraph\"><\/p>","protected":false},"excerpt":{"rendered":"<p>Le 26\u00e8me sommet sur la Coop\u00e9ration de Shanghai (OCS) s\u2019ouvre ce 31 ao\u00fbt 2026 \u00e0 Bichkek au Kirghizistan sur le th\u00e8me \u00ab 25 ans de l\u2019OCS : ensemble pour une paix durable, le d\u00e9veloppement et la prosp\u00e9rit\u00e9 \u00bb. Le Pr\u00e9sident du Conseil, togolais &nbsp;Faure GNASSINGB\u00c9 prend part \u00e0 cette rencontre internationale de tr\u00e8s haut niveau [&hellip;]<\/p>\n","protected":false},"author":1,"featured_media":10906,"comment_status":"open","ping_status":"open","sticky":false,"template":"","format":"standard","meta":{"tdm_status":"","tdm_grid_status":"","footnotes":""},"categories":[49],"tags":[],"class_list":["post-10905","post","type-post","status-publish","format-standard","has-post-thumbnail","category-politique"],"yoast_head":"<!-- This site is optimized with the Yoast SEO plugin v28.3 - https:\/\/yoast.com\/product\/yoast-seo-wordpress\/ -->\n<title>26 \u00e8me sommet sur la Coop\u00e9ration de Shanghai\u00a0: Faure Gnassingb\u00e9 activement impliqu\u00e9 dans les travaux - REPORTERDAFRIQUE<\/title>\n<meta name=\"robots\" content=\"index, follow, max-snippet:-1, max-image-preview:large, max-video-preview:-1\" \/>\n<link rel=\"canonical\" href=\"https:\/\/reporterdafrique.info\/en\/26-eme-sommet-sur-la-cooperation-de-shanghai-faure-gnassingbe-activement-implique-dans-les-travaux\/\" \/>\n<meta property=\"og:locale\" content=\"en_US\" \/>\n<meta property=\"og:type\" content=\"article\" \/>\n<meta property=\"og:title\" content=\"26 \u00e8me sommet sur la Coop\u00e9ration de Shanghai\u00a0: Faure Gnassingb\u00e9 activement impliqu\u00e9 dans les travaux - REPORTERDAFRIQUE\" \/>\n<meta property=\"og:description\" content=\"Le 26\u00e8me sommet sur la Coop\u00e9ration de Shanghai (OCS) s\u2019ouvre ce 31 ao\u00fbt 2026 \u00e0 Bichkek au Kirghizistan sur le th\u00e8me \u00ab 25 ans de l\u2019OCS : ensemble pour une paix durable, le d\u00e9veloppement et la prosp\u00e9rit\u00e9 \u00bb. Le Pr\u00e9sident du Conseil, togolais &nbsp;Faure GNASSINGB\u00c9 prend part \u00e0 cette rencontre internationale de tr\u00e8s haut niveau [&hellip;]\" \/>\n<meta property=\"og:url\" content=\"https:\/\/reporterdafrique.info\/en\/26-eme-sommet-sur-la-cooperation-de-shanghai-faure-gnassingbe-activement-implique-dans-les-travaux\/\" \/>\n<meta property=\"og:site_name\" content=\"REPORTERDAFRIQUE\" \/>\n<meta property=\"article:published_time\" content=\"2026-08-31T11:59:34+00:00\" \/>\n<meta property=\"article:modified_time\" content=\"2026-08-31T11:59:35+00:00\" \/>\n<meta property=\"og:image\" content=\"https:\/\/reporterdafrique.info\/wp-content\/uploads\/2026\/08\/WhatsApp-Image-2026-08-31-at-09.33.01.jpeg\" \/>\n\t<meta property=\"og:image:width\" content=\"1280\" \/>\n\t<meta property=\"og:image:height\" content=\"854\" \/>\n\t<meta property=\"og:image:type\" content=\"image\/jpeg\" \/>\n<meta name=\"author\" content=\"reporterdafrique\" \/>\n<meta name=\"twitter:card\" content=\"summary_large_image\" \/>\n<meta name=\"twitter:label1\" content=\"Written by\" \/>\n\t<meta name=\"twitter:data1\" content=\"reporterdafrique\" \/>\n\t<meta name=\"twitter:label2\" content=\"Est. reading time\" \/>\n\t<meta name=\"twitter:data2\" content=\"3 minutes\" \/>\n<script type=\"application\/ld+json\" class=\"yoast-schema-graph\">{\"@context\":\"https:\\\/\\\/schema.org\",\"@graph\":[{\"@type\":\"Article\",\"@id\":\"https:\\\/\\\/reporterdafrique.info\\\/26-eme-sommet-sur-la-cooperation-de-shanghai-faure-gnassingbe-activement-implique-dans-les-travaux\\\/#article\",\"isPartOf\":{\"@id\":\"https:\\\/\\\/reporterdafrique.info\\\/26-eme-sommet-sur-la-cooperation-de-shanghai-faure-gnassingbe-activement-implique-dans-les-travaux\\\/\"},\"author\":{\"name\":\"reporterdafrique\",\"@id\":\"https:\\\/\\\/reporterdafrique.info\\\/#\\\/schema\\\/person\\\/e6c969aa000793e687c5399b5ffbdc77\"},\"headline\":\"26 \u00e8me sommet sur la Coop\u00e9ration de Shanghai\u00a0: Faure Gnassingb\u00e9 activement impliqu\u00e9 dans les travaux\",\"datePublished\":\"2026-08-31T11:59:34+00:00\",\"dateModified\":\"2026-08-31T11:59:35+00:00\",\"mainEntityOfPage\":{\"@id\":\"https:\\\/\\\/reporterdafrique.info\\\/26-eme-sommet-sur-la-cooperation-de-shanghai-faure-gnassingbe-activement-implique-dans-les-travaux\\\/\"},\"wordCount\":442,\"commentCount\":0,\"image\":{\"@id\":\"https:\\\/\\\/reporterdafrique.info\\\/26-eme-sommet-sur-la-cooperation-de-shanghai-faure-gnassingbe-activement-implique-dans-les-travaux\\\/#primaryimage\"},\"thumbnailUrl\":\"https:\\\/\\\/reporterdafrique.info\\\/wp-content\\\/uploads\\\/2026\\\/08\\\/WhatsApp-Image-2026-08-31-at-09.33.01.jpeg\",\"articleSection\":[\"politique\"],\"inLanguage\":\"en-US\",\"potentialAction\":[{\"@type\":\"CommentAction\",\"name\":\"Comment\",\"target\":[\"https:\\\/\\\/reporterdafrique.info\\\/26-eme-sommet-sur-la-cooperation-de-shanghai-faure-gnassingbe-activement-implique-dans-les-travaux\\\/#respond\"]}]},{\"@type\":\"WebPage\",\"@id\":\"https:\\\/\\\/reporterdafrique.info\\\/26-eme-sommet-sur-la-cooperation-de-shanghai-faure-gnassingbe-activement-implique-dans-les-travaux\\\/\",\"url\":\"https:\\\/\\\/reporterdafrique.info\\\/26-eme-sommet-sur-la-cooperation-de-shanghai-faure-gnassingbe-activement-implique-dans-les-travaux\\\/\",\"name\":\"26 \u00e8me sommet sur la Coop\u00e9ration de Shanghai\u00a0: Faure Gnassingb\u00e9 activement impliqu\u00e9 dans les travaux - REPORTERDAFRIQUE\",\"isPartOf\":{\"@id\":\"https:\\\/\\\/reporterdafrique.info\\\/#website\"},\"primaryImageOfPage\":{\"@id\":\"https:\\\/\\\/reporterdafrique.info\\\/26-eme-sommet-sur-la-cooperation-de-shanghai-faure-gnassingbe-activement-implique-dans-les-travaux\\\/#primaryimage\"},\"image\":{\"@id\":\"https:\\\/\\\/reporterdafrique.info\\\/26-eme-sommet-sur-la-cooperation-de-shanghai-faure-gnassingbe-activement-implique-dans-les-travaux\\\/#primaryimage\"},\"thumbnailUrl\":\"https:\\\/\\\/reporterdafrique.info\\\/wp-content\\\/uploads\\\/2026\\\/08\\\/WhatsApp-Image-2026-08-31-at-09.33.01.jpeg\",\"datePublished\":\"2026-08-31T11:59:34+00:00\",\"dateModified\":\"2026-08-31T11:59:35+00:00\",\"author\":{\"@id\":\"https:\\\/\\\/reporterdafrique.info\\\/#\\\/schema\\\/person\\\/e6c969aa000793e687c5399b5ffbdc77\"},\"breadcrumb\":{\"@id\":\"https:\\\/\\\/reporterdafrique.info\\\/26-eme-sommet-sur-la-cooperation-de-shanghai-faure-gnassingbe-activement-implique-dans-les-travaux\\\/#breadcrumb\"},\"inLanguage\":\"en-US\",\"potentialAction\":[{\"@type\":\"ReadAction\",\"target\":[\"https:\\\/\\\/reporterdafrique.info\\\/26-eme-sommet-sur-la-cooperation-de-shanghai-faure-gnassingbe-activement-implique-dans-les-travaux\\\/\"]}]},{\"@type\":\"ImageObject\",\"inLanguage\":\"en-US\",\"@id\":\"https:\\\/\\\/reporterdafrique.info\\\/26-eme-sommet-sur-la-cooperation-de-shanghai-faure-gnassingbe-activement-implique-dans-les-travaux\\\/#primaryimage\",\"url\":\"https:\\\/\\\/reporterdafrique.info\\\/wp-content\\\/uploads\\\/2026\\\/08\\\/WhatsApp-Image-2026-08-31-at-09.33.01.jpeg\",\"contentUrl\":\"https:\\\/\\\/reporterdafrique.info\\\/wp-content\\\/uploads\\\/2026\\\/08\\\/WhatsApp-Image-2026-08-31-at-09.33.01.jpeg\",\"width\":1280,\"height\":854},{\"@type\":\"BreadcrumbList\",\"@id\":\"https:\\\/\\\/reporterdafrique.info\\\/26-eme-sommet-sur-la-cooperation-de-shanghai-faure-gnassingbe-activement-implique-dans-les-travaux\\\/#breadcrumb\",\"itemListElement\":[{\"@type\":\"ListItem\",\"position\":1,\"name\":\"Home\",\"item\":\"https:\\\/\\\/reporterdafrique.info\\\/\"},{\"@type\":\"ListItem\",\"position\":2,\"name\":\"26 \u00e8me sommet sur la Coop\u00e9ration de Shanghai\u00a0: Faure Gnassingb\u00e9 activement impliqu\u00e9 dans les travaux\"}]},{\"@type\":\"WebSite\",\"@id\":\"https:\\\/\\\/reporterdafrique.info\\\/#website\",\"url\":\"https:\\\/\\\/reporterdafrique.info\\\/\",\"name\":\"REPORTERDAFRIQUE\",\"description\":\"L&#039;Afrique au quotidien\",\"potentialAction\":[{\"@type\":\"SearchAction\",\"target\":{\"@type\":\"EntryPoint\",\"urlTemplate\":\"https:\\\/\\\/reporterdafrique.info\\\/?s={search_term_string}\"},\"query-input\":{\"@type\":\"PropertyValueSpecification\",\"valueRequired\":true,\"valueName\":\"search_term_string\"}}],\"inLanguage\":\"en-US\"},{\"@type\":\"Person\",\"@id\":\"https:\\\/\\\/reporterdafrique.info\\\/#\\\/schema\\\/person\\\/e6c969aa000793e687c5399b5ffbdc77\",\"name\":\"reporterdafrique\",\"image\":{\"@type\":\"ImageObject\",\"inLanguage\":\"en-US\",\"@id\":\"https:\\\/\\\/secure.gravatar.com\\\/avatar\\\/7882f7db2f0ee4f772f81ec0ee186273846b76223215f4b2a9c4f2b0017a1f64?s=96&d=mm&r=g\",\"url\":\"https:\\\/\\\/secure.gravatar.com\\\/avatar\\\/7882f7db2f0ee4f772f81ec0ee186273846b76223215f4b2a9c4f2b0017a1f64?s=96&d=mm&r=g\",\"contentUrl\":\"https:\\\/\\\/secure.gravatar.com\\\/avatar\\\/7882f7db2f0ee4f772f81ec0ee186273846b76223215f4b2a9c4f2b0017a1f64?s=96&d=mm&r=g\",\"caption\":\"reporterdafrique\"},\"sameAs\":[\"https:\\\/\\\/reporterdafrique.info\"],\"url\":\"https:\\\/\\\/reporterdafrique.info\\\/en\\\/author\\\/reporterdafrique\\\/\"}]}<\/script>\n<!-- \/ Yoast SEO plugin. -->","yoast_head_json":{"title":"26 \u00e8me sommet sur la Coop\u00e9ration de Shanghai\u00a0: Faure Gnassingb\u00e9 activement impliqu\u00e9 dans les travaux - REPORTERDAFRIQUE","robots":{"index":"index","follow":"follow","max-snippet":"max-snippet:-1","max-image-preview":"max-image-preview:large","max-video-preview":"max-video-preview:-1"},"canonical":"https:\/\/reporterdafrique.info\/en\/26-eme-sommet-sur-la-cooperation-de-shanghai-faure-gnassingbe-activement-implique-dans-les-travaux\/","og_locale":"en_US","og_type":"article","og_title":"26 \u00e8me sommet sur la Coop\u00e9ration de Shanghai\u00a0: Faure Gnassingb\u00e9 activement impliqu\u00e9 dans les travaux - REPORTERDAFRIQUE","og_description":"Le 26\u00e8me sommet sur la Coop\u00e9ration de Shanghai (OCS) s\u2019ouvre ce 31 ao\u00fbt 2026 \u00e0 Bichkek au Kirghizistan sur le th\u00e8me \u00ab 25 ans de l\u2019OCS : ensemble pour une paix durable, le d\u00e9veloppement et la prosp\u00e9rit\u00e9 \u00bb. Le Pr\u00e9sident du Conseil, togolais &nbsp;Faure GNASSINGB\u00c9 prend part \u00e0 cette rencontre internationale de tr\u00e8s haut niveau [&hellip;]","og_url":"https:\/\/reporterdafrique.info\/en\/26-eme-sommet-sur-la-cooperation-de-shanghai-faure-gnassingbe-activement-implique-dans-les-travaux\/","og_site_name":"REPORTERDAFRIQUE","article_published_time":"2026-08-31T11:59:34+00:00","article_modified_time":"2026-08-31T11:59:35+00:00","og_image":[{"width":1280,"height":854,"url":"https:\/\/reporterdafrique.info\/wp-content\/uploads\/2026\/08\/WhatsApp-Image-2026-08-31-at-09.33.01.jpeg","type":"image\/jpeg"}],"author":"reporterdafrique","twitter_card":"summary_large_image","twitter_misc":{"Written by":"reporterdafrique","Est. reading time":"3 minutes"},"schema":{"@context":"https:\/\/schema.org","@graph":[{"@type":"Article","@id":"https:\/\/reporterdafrique.info\/26-eme-sommet-sur-la-cooperation-de-shanghai-faure-gnassingbe-activement-implique-dans-les-travaux\/#article","isPartOf":{"@id":"https:\/\/reporterdafrique.info\/26-eme-sommet-sur-la-cooperation-de-shanghai-faure-gnassingbe-activement-implique-dans-les-travaux\/"},"author":{"name":"reporterdafrique","@id":"https:\/\/reporterdafrique.info\/#\/schema\/person\/e6c969aa000793e687c5399b5ffbdc77"},"headline":"26 \u00e8me sommet sur la Coop\u00e9ration de Shanghai\u00a0: Faure Gnassingb\u00e9 activement impliqu\u00e9 dans les travaux","datePublished":"2026-08-31T11:59:34+00:00","dateModified":"2026-08-31T11:59:35+00:00","mainEntityOfPage":{"@id":"https:\/\/reporterdafrique.info\/26-eme-sommet-sur-la-cooperation-de-shanghai-faure-gnassingbe-activement-implique-dans-les-travaux\/"},"wordCount":442,"commentCount":0,"image":{"@id":"https:\/\/reporterdafrique.info\/26-eme-sommet-sur-la-cooperation-de-shanghai-faure-gnassingbe-activement-implique-dans-les-travaux\/#primaryimage"},"thumbnailUrl":"https:\/\/reporterdafrique.info\/wp-content\/uploads\/2026\/08\/WhatsApp-Image-2026-08-31-at-09.33.01.jpeg","articleSection":["politique"],"inLanguage":"en-US","potentialAction":[{"@type":"CommentAction","name":"Comment","target":["https:\/\/reporterdafrique.info\/26-eme-sommet-sur-la-cooperation-de-shanghai-faure-gnassingbe-activement-implique-dans-les-travaux\/#respond"]}]},{"@type":"WebPage","@id":"https:\/\/reporterdafrique.info\/26-eme-sommet-sur-la-cooperation-de-shanghai-faure-gnassingbe-activement-implique-dans-les-travaux\/","url":"https:\/\/reporterdafrique.info\/26-eme-sommet-sur-la-cooperation-de-shanghai-faure-gnassingbe-activement-implique-dans-les-travaux\/","name":"26 \u00e8me sommet sur la Coop\u00e9ration de Shanghai\u00a0: Faure Gnassingb\u00e9 activement impliqu\u00e9 dans les travaux - REPORTERDAFRIQUE","isPartOf":{"@id":"https:\/\/reporterdafrique.info\/#website"},"primaryImageOfPage":{"@id":"https:\/\/reporterdafrique.info\/26-eme-sommet-sur-la-cooperation-de-shanghai-faure-gnassingbe-activement-implique-dans-les-travaux\/#primaryimage"},"image":{"@id":"https:\/\/reporterdafrique.info\/26-eme-sommet-sur-la-cooperation-de-shanghai-faure-gnassingbe-activement-implique-dans-les-travaux\/#primaryimage"},"thumbnailUrl":"https:\/\/reporterdafrique.info\/wp-content\/uploads\/2026\/08\/WhatsApp-Image-2026-08-31-at-09.33.01.jpeg","datePublished":"2026-08-31T11:59:34+00:00","dateModified":"2026-08-31T11:59:35+00:00","author":{"@id":"https:\/\/reporterdafrique.info\/#\/schema\/person\/e6c969aa000793e687c5399b5ffbdc77"},"breadcrumb":{"@id":"https:\/\/reporterdafrique.info\/26-eme-sommet-sur-la-cooperation-de-shanghai-faure-gnassingbe-activement-implique-dans-les-travaux\/#breadcrumb"},"inLanguage":"en-US","potentialAction":[{"@type":"ReadAction","target":["https:\/\/reporterdafrique.info\/26-eme-sommet-sur-la-cooperation-de-shanghai-faure-gnassingbe-activement-implique-dans-les-travaux\/"]}]},{"@type":"ImageObject","inLanguage":"en-US","@id":"https:\/\/reporterdafrique.info\/26-eme-sommet-sur-la-cooperation-de-shanghai-faure-gnassingbe-activement-implique-dans-les-travaux\/#primaryimage","url":"https:\/\/reporterdafrique.info\/wp-content\/uploads\/2026\/08\/WhatsApp-Image-2026-08-31-at-09.33.01.jpeg","contentUrl":"https:\/\/reporterdafrique.info\/wp-content\/uploads\/2026\/08\/WhatsApp-Image-2026-08-31-at-09.33.01.jpeg","width":1280,"height":854},{"@type":"BreadcrumbList","@id":"https:\/\/reporterdafrique.info\/26-eme-sommet-sur-la-cooperation-de-shanghai-faure-gnassingbe-activement-implique-dans-les-travaux\/#breadcrumb","itemListElement":[{"@type":"ListItem","position":1,"name":"Home","item":"https:\/\/reporterdafrique.info\/"},{"@type":"ListItem","position":2,"name":"26 \u00e8me sommet sur la Coop\u00e9ration de Shanghai\u00a0: Faure Gnassingb\u00e9 activement impliqu\u00e9 dans les travaux"}]},{"@type":"WebSite","@id":"https:\/\/reporterdafrique.info\/#website","url":"https:\/\/reporterdafrique.info\/","name":"REPORTERDAFRIQUE","description":"L&#039;Afrique au quotidien","potentialAction":[{"@type":"SearchAction","target":{"@type":"EntryPoint","urlTemplate":"https:\/\/reporterdafrique.info\/?s={search_term_string}"},"query-input":{"@type":"PropertyValueSpecification","valueRequired":true,"valueName":"search_term_string"}}],"inLanguage":"en-US"},{"@type":"Person","@id":"https:\/\/reporterdafrique.info\/#\/schema\/person\/e6c969aa000793e687c5399b5ffbdc77","name":"reporterdafrique","image":{"@type":"ImageObject","inLanguage":"en-US","@id":"https:\/\/secure.gravatar.com\/avatar\/7882f7db2f0ee4f772f81ec0ee186273846b76223215f4b2a9c4f2b0017a1f64?s=96&d=mm&r=g","url":"https:\/\/secure.gravatar.com\/avatar\/7882f7db2f0ee4f772f81ec0ee186273846b76223215f4b2a9c4f2b0017a1f64?s=96&d=mm&r=g","contentUrl":"https:\/\/secure.gravatar.com\/avatar\/7882f7db2f0ee4f772f81ec0ee186273846b76223215f4b2a9c4f2b0017a1f64?s=96&d=mm&r=g","caption":"reporterdafrique"},"sameAs":["https:\/\/reporterdafrique.info"],"url":"https:\/\/reporterdafrique.info\/en\/author\/reporterdafrique\/"}]}},"amp_enabled":true,"_links":{"self":[{"href":"https:\/\/reporterdafrique.info\/en\/wp-json\/wp\/v2\/posts\/10905","targetHints":{"allow":["GET"]}}],"collection":[{"href":"https:\/\/reporterdafrique.info\/en\/wp-json\/wp\/v2\/posts"}],"about":[{"href":"https:\/\/reporterdafrique.info\/en\/wp-json\/wp\/v2\/types\/post"}],"author":[{"embeddable":true,"href":"https:\/\/reporterdafrique.info\/en\/wp-json\/wp\/v2\/users\/1"}],"replies":[{"embeddable":true,"href":"https:\/\/reporterdafrique.info\/en\/wp-json\/wp\/v2\/comments?post=10905"}],"version-history":[{"count":1,"href":"https:\/\/reporterdafrique.info\/en\/wp-json\/wp\/v2\/posts\/10905\/revisions"}],"predecessor-version":[{"id":10907,"href":"https:\/\/reporterdafrique.info\/en\/wp-json\/wp\/v2\/posts\/10905\/revisions\/10907"}],"wp:featuredmedia":[{"embeddable":true,"href":"https:\/\/reporterdafrique.info\/en\/wp-json\/wp\/v2\/media\/10906"}],"wp:attachment":[{"href":"https:\/\/reporterdafrique.info\/en\/wp-json\/wp\/v2\/media?parent=10905"}],"wp:term":[{"taxonomy":"category","embeddable":true,"href":"https:\/\/reporterdafrique.info\/en\/wp-json\/wp\/v2\/categories?post=10905"},{"taxonomy":"post_tag","embeddable":true,"href":"https:\/\/reporterdafrique.info\/en\/wp-json\/wp\/v2\/tags?post=10905"}],"curies":[{"name":"wp","href":"https:\/\/api.w.org\/{rel}","templated":true}]}}