{"id":10419,"date":"2026-04-26T13:22:15","date_gmt":"2026-04-26T13:22:15","guid":{"rendered":"https:\/\/reporterdafrique.info\/?p=10419"},"modified":"2026-04-27T13:44:13","modified_gmt":"2026-04-27T13:44:13","slug":"togo-faure-gnassingbe-attribue-des-decorations-a-des-officiers-de-larmee","status":"publish","type":"post","link":"https:\/\/reporterdafrique.info\/en\/togo-faure-gnassingbe-attribue-des-decorations-a-des-officiers-de-larmee\/","title":{"rendered":"Togo\u00a0: Faure Gnassingb\u00e9 attribue des d\u00e9corations \u00e0 des officiers de l\u2019arm\u00e9e"},"content":{"rendered":"<p>Le Pr\u00e9sident du Conseil, Faure Gnassingb\u00e9, a pr\u00e9sid\u00e9 samedi 25 avril 2026, au camp G\u00e9n\u00e9ral Gnassingb\u00e9 Eyad\u00e9ma \u00e0 Lom\u00e9, une c\u00e9r\u00e9monie de d\u00e9coration de plusieurs personnalit\u00e9s militaires, en reconnaissance de leur contribution \u00e0 la consolidation de la paix, la s\u00e9curit\u00e9 et la stabilit\u00e9 au Togo.<\/p>\n\n\n\n<p>Plac\u00e9 sous le sceau du devoir de m\u00e9moire, l\u2019\u00e9v\u00e9nement s\u2019inscrit dans le cadre des activit\u00e9s marquant le 66\u1d49 anniversaire de l\u2019accession du Togo \u00e0 la souverainet\u00e9 internationale.<\/p>\n\n\n\n<p>A cette occasion, le Pr\u00e9sident du Conseil a \u00e9lev\u00e9 des Officiers sup\u00e9rieurs, Officiers subalternes, Sous-officiers et soldats respectivement au rang de Commandeurs de l\u2019ordre du Mono, de l\u2019Ordre national du m\u00e9rite, d\u2019Officiers de l\u2019ordre du Mono, d\u2019Officiers de l\u2019ordre national du m\u00e9rite, de Chevaliers de l\u2019ordre du Mono, de Chevaliers de l\u2019ordre national du m\u00e9rite. Il a \u00e9galement d\u00e9cern\u00e9 des m\u00e9dailles du m\u00e9rite militaire.<\/p>\n\n\n\n<p>Face aux d\u00e9fis s\u00e9curitaires croissants qui secouent notre sous-r\u00e9gion, marqu\u00e9s par la menace persistante du terrorisme et de l\u2019extr\u00e9misme violent aux fronti\u00e8res septentrionales du pays, le Togo a su opposer une r\u00e9ponse ferme, structur\u00e9e et r\u00e9solue. Au c\u0153ur de cette dynamique se trouvent la vision strat\u00e9gique et l\u2019engagement constant du Pr\u00e9sident du Conseil, chef supr\u00eame des arm\u00e9es, garant de l\u2019int\u00e9grit\u00e9 territoriale et de la s\u00e9curit\u00e9 nationale.<\/p>\n\n\n\n<p>Cet \u00e9v\u00e9nement a ainsi offert l\u2019occasion aux forces de d\u00e9fense et de s\u00e9curit\u00e9 d\u2019exprimer leur reconnaissance au Pr\u00e9sident du Conseil, Faure Essozimna Gnassingb\u00e9, Chef supr\u00eame des arm\u00e9es pour sa d\u00e9termination et son engagement ind\u00e9fectible \u00e0 moderniser l\u2019appareil militaire pour la protection du pays.<\/p>\n\n\n\n<p>\u00ab&nbsp;Nous rendons un hommage appuy\u00e9 au Chef supr\u00eame des Arm\u00e9es, en reconnaissance de son r\u00f4le fondamental dans la pr\u00e9servation de la paix, de son engagement ind\u00e9fectible pour la s\u00e9curit\u00e9 des Togolais et de sa volont\u00e9 constante de b\u00e2tir une ann\u00e9e forte, moderne et respect\u00e9e&nbsp;\u00bb.<\/p>\n\n\n\n<p>Au-del\u00e0 de la port\u00e9e symbolique, cette c\u00e9r\u00e9monie de d\u00e9coration est aussi l\u2019expression de la gratitude de la R\u00e9publique envers ceux qui par leur bravoure et loyaut\u00e9, prot\u00e8gent notre nation face aux menaces s\u00e9curitaires, parfois jusqu\u2019au sacrifice supr\u00eame. Elle souligne, une fois encore, l\u2019importance de l\u2019arm\u00e9e dans la pr\u00e9servation de la paix et de la coh\u00e9sion nationale.<\/p>\n\n\n\n<p>Ce moment solennel a \u00e9t\u00e9 marqu\u00e9 par un d\u00e9fil\u00e9 militaire et paramilitaire qui a mis en valeur la discipline, la rigueur et le professionnalisme des forces de d\u00e9fense et de s\u00e9curit\u00e9.<\/p>","protected":false},"excerpt":{"rendered":"<p>Le Pr\u00e9sident du Conseil, Faure Gnassingb\u00e9, a pr\u00e9sid\u00e9 samedi 25 avril 2026, au camp G\u00e9n\u00e9ral Gnassingb\u00e9 Eyad\u00e9ma \u00e0 Lom\u00e9, une c\u00e9r\u00e9monie de d\u00e9coration de plusieurs personnalit\u00e9s militaires, en reconnaissance de leur contribution \u00e0 la consolidation de la paix, la s\u00e9curit\u00e9 et la stabilit\u00e9 au Togo. Plac\u00e9 sous le sceau du devoir de m\u00e9moire, l\u2019\u00e9v\u00e9nement s\u2019inscrit [&hellip;]<\/p>\n","protected":false},"author":1,"featured_media":10420,"comment_status":"open","ping_status":"open","sticky":false,"template":"","format":"standard","meta":{"tdm_status":"","tdm_grid_status":"","footnotes":""},"categories":[49],"tags":[],"class_list":{"0":"post-10419","1":"post","2":"type-post","3":"status-publish","4":"format-standard","5":"has-post-thumbnail","7":"category-politique"},"yoast_head":"<!-- This site is optimized with the Yoast SEO plugin v27.4 - https:\/\/yoast.com\/product\/yoast-seo-wordpress\/ -->\n<title>Togo\u00a0: Faure Gnassingb\u00e9 attribue des d\u00e9corations \u00e0 des officiers de l\u2019arm\u00e9e - REPORTERDAFRIQUE<\/title>\n<meta name=\"description\" content=\"d\u00e9coration, arm\u00e9e, m\u00e9rite\" \/>\n<meta name=\"robots\" content=\"index, follow, max-snippet:-1, max-image-preview:large, max-video-preview:-1\" \/>\n<link rel=\"canonical\" href=\"https:\/\/reporterdafrique.info\/en\/togo-faure-gnassingbe-attribue-des-decorations-a-des-officiers-de-larmee\/\" \/>\n<meta property=\"og:locale\" content=\"en_US\" \/>\n<meta property=\"og:type\" content=\"article\" \/>\n<meta property=\"og:title\" content=\"Togo\u00a0: Faure Gnassingb\u00e9 attribue des d\u00e9corations \u00e0 des officiers de l\u2019arm\u00e9e - REPORTERDAFRIQUE\" \/>\n<meta property=\"og:description\" content=\"d\u00e9coration, arm\u00e9e, m\u00e9rite\" \/>\n<meta property=\"og:url\" content=\"https:\/\/reporterdafrique.info\/en\/togo-faure-gnassingbe-attribue-des-decorations-a-des-officiers-de-larmee\/\" \/>\n<meta property=\"og:site_name\" content=\"REPORTERDAFRIQUE\" \/>\n<meta property=\"article:published_time\" content=\"2026-04-26T13:22:15+00:00\" \/>\n<meta property=\"article:modified_time\" content=\"2026-04-27T13:44:13+00:00\" \/>\n<meta property=\"og:image\" content=\"https:\/\/reporterdafrique.info\/wp-content\/uploads\/2026\/04\/uuuuuuuuuuuuuuuuuuuuuuuuu.jpg\" \/>\n\t<meta property=\"og:image:width\" content=\"1080\" \/>\n\t<meta property=\"og:image:height\" content=\"756\" \/>\n\t<meta property=\"og:image:type\" content=\"image\/jpeg\" \/>\n<meta name=\"author\" content=\"reporterdafrique\" \/>\n<meta name=\"twitter:card\" content=\"summary_large_image\" \/>\n<meta name=\"twitter:label1\" content=\"Written by\" \/>\n\t<meta name=\"twitter:data1\" content=\"reporterdafrique\" \/>\n\t<meta name=\"twitter:label2\" content=\"Est. reading time\" \/>\n\t<meta name=\"twitter:data2\" content=\"3 minutes\" \/>\n<script type=\"application\/ld+json\" class=\"yoast-schema-graph\">{\"@context\":\"https:\\\/\\\/schema.org\",\"@graph\":[{\"@type\":\"Article\",\"@id\":\"https:\\\/\\\/reporterdafrique.info\\\/togo-faure-gnassingbe-attribue-des-decorations-a-des-officiers-de-larmee\\\/#article\",\"isPartOf\":{\"@id\":\"https:\\\/\\\/reporterdafrique.info\\\/togo-faure-gnassingbe-attribue-des-decorations-a-des-officiers-de-larmee\\\/\"},\"author\":{\"name\":\"reporterdafrique\",\"@id\":\"https:\\\/\\\/reporterdafrique.info\\\/#\\\/schema\\\/person\\\/e6c969aa000793e687c5399b5ffbdc77\"},\"headline\":\"Togo\u00a0: Faure Gnassingb\u00e9 attribue des d\u00e9corations \u00e0 des officiers de l\u2019arm\u00e9e\",\"datePublished\":\"2026-04-26T13:22:15+00:00\",\"dateModified\":\"2026-04-27T13:44:13+00:00\",\"mainEntityOfPage\":{\"@id\":\"https:\\\/\\\/reporterdafrique.info\\\/togo-faure-gnassingbe-attribue-des-decorations-a-des-officiers-de-larmee\\\/\"},\"wordCount\":473,\"commentCount\":0,\"image\":{\"@id\":\"https:\\\/\\\/reporterdafrique.info\\\/togo-faure-gnassingbe-attribue-des-decorations-a-des-officiers-de-larmee\\\/#primaryimage\"},\"thumbnailUrl\":\"https:\\\/\\\/reporterdafrique.info\\\/wp-content\\\/uploads\\\/2026\\\/04\\\/uuuuuuuuuuuuuuuuuuuuuuuuu.jpg\",\"articleSection\":[\"politique\"],\"inLanguage\":\"en-US\",\"potentialAction\":[{\"@type\":\"CommentAction\",\"name\":\"Comment\",\"target\":[\"https:\\\/\\\/reporterdafrique.info\\\/togo-faure-gnassingbe-attribue-des-decorations-a-des-officiers-de-larmee\\\/#respond\"]}]},{\"@type\":\"WebPage\",\"@id\":\"https:\\\/\\\/reporterdafrique.info\\\/togo-faure-gnassingbe-attribue-des-decorations-a-des-officiers-de-larmee\\\/\",\"url\":\"https:\\\/\\\/reporterdafrique.info\\\/togo-faure-gnassingbe-attribue-des-decorations-a-des-officiers-de-larmee\\\/\",\"name\":\"Togo\u00a0: Faure Gnassingb\u00e9 attribue des d\u00e9corations \u00e0 des officiers de l\u2019arm\u00e9e - REPORTERDAFRIQUE\",\"isPartOf\":{\"@id\":\"https:\\\/\\\/reporterdafrique.info\\\/#website\"},\"primaryImageOfPage\":{\"@id\":\"https:\\\/\\\/reporterdafrique.info\\\/togo-faure-gnassingbe-attribue-des-decorations-a-des-officiers-de-larmee\\\/#primaryimage\"},\"image\":{\"@id\":\"https:\\\/\\\/reporterdafrique.info\\\/togo-faure-gnassingbe-attribue-des-decorations-a-des-officiers-de-larmee\\\/#primaryimage\"},\"thumbnailUrl\":\"https:\\\/\\\/reporterdafrique.info\\\/wp-content\\\/uploads\\\/2026\\\/04\\\/uuuuuuuuuuuuuuuuuuuuuuuuu.jpg\",\"datePublished\":\"2026-04-26T13:22:15+00:00\",\"dateModified\":\"2026-04-27T13:44:13+00:00\",\"author\":{\"@id\":\"https:\\\/\\\/reporterdafrique.info\\\/#\\\/schema\\\/person\\\/e6c969aa000793e687c5399b5ffbdc77\"},\"description\":\"d\u00e9coration, arm\u00e9e, m\u00e9rite\",\"breadcrumb\":{\"@id\":\"https:\\\/\\\/reporterdafrique.info\\\/togo-faure-gnassingbe-attribue-des-decorations-a-des-officiers-de-larmee\\\/#breadcrumb\"},\"inLanguage\":\"en-US\",\"potentialAction\":[{\"@type\":\"ReadAction\",\"target\":[\"https:\\\/\\\/reporterdafrique.info\\\/togo-faure-gnassingbe-attribue-des-decorations-a-des-officiers-de-larmee\\\/\"]}]},{\"@type\":\"ImageObject\",\"inLanguage\":\"en-US\",\"@id\":\"https:\\\/\\\/reporterdafrique.info\\\/togo-faure-gnassingbe-attribue-des-decorations-a-des-officiers-de-larmee\\\/#primaryimage\",\"url\":\"https:\\\/\\\/reporterdafrique.info\\\/wp-content\\\/uploads\\\/2026\\\/04\\\/uuuuuuuuuuuuuuuuuuuuuuuuu.jpg\",\"contentUrl\":\"https:\\\/\\\/reporterdafrique.info\\\/wp-content\\\/uploads\\\/2026\\\/04\\\/uuuuuuuuuuuuuuuuuuuuuuuuu.jpg\",\"width\":1080,\"height\":756},{\"@type\":\"BreadcrumbList\",\"@id\":\"https:\\\/\\\/reporterdafrique.info\\\/togo-faure-gnassingbe-attribue-des-decorations-a-des-officiers-de-larmee\\\/#breadcrumb\",\"itemListElement\":[{\"@type\":\"ListItem\",\"position\":1,\"name\":\"Home\",\"item\":\"https:\\\/\\\/reporterdafrique.info\\\/\"},{\"@type\":\"ListItem\",\"position\":2,\"name\":\"Togo\u00a0: Faure Gnassingb\u00e9 attribue des d\u00e9corations \u00e0 des officiers de l\u2019arm\u00e9e\"}]},{\"@type\":\"WebSite\",\"@id\":\"https:\\\/\\\/reporterdafrique.info\\\/#website\",\"url\":\"https:\\\/\\\/reporterdafrique.info\\\/\",\"name\":\"REPORTERDAFRIQUE\",\"description\":\"L&#039;Afrique au quotidien\",\"potentialAction\":[{\"@type\":\"SearchAction\",\"target\":{\"@type\":\"EntryPoint\",\"urlTemplate\":\"https:\\\/\\\/reporterdafrique.info\\\/?s={search_term_string}\"},\"query-input\":{\"@type\":\"PropertyValueSpecification\",\"valueRequired\":true,\"valueName\":\"search_term_string\"}}],\"inLanguage\":\"en-US\"},{\"@type\":\"Person\",\"@id\":\"https:\\\/\\\/reporterdafrique.info\\\/#\\\/schema\\\/person\\\/e6c969aa000793e687c5399b5ffbdc77\",\"name\":\"reporterdafrique\",\"image\":{\"@type\":\"ImageObject\",\"inLanguage\":\"en-US\",\"@id\":\"https:\\\/\\\/secure.gravatar.com\\\/avatar\\\/7882f7db2f0ee4f772f81ec0ee186273846b76223215f4b2a9c4f2b0017a1f64?s=96&d=mm&r=g\",\"url\":\"https:\\\/\\\/secure.gravatar.com\\\/avatar\\\/7882f7db2f0ee4f772f81ec0ee186273846b76223215f4b2a9c4f2b0017a1f64?s=96&d=mm&r=g\",\"contentUrl\":\"https:\\\/\\\/secure.gravatar.com\\\/avatar\\\/7882f7db2f0ee4f772f81ec0ee186273846b76223215f4b2a9c4f2b0017a1f64?s=96&d=mm&r=g\",\"caption\":\"reporterdafrique\"},\"sameAs\":[\"https:\\\/\\\/reporterdafrique.info\"],\"url\":\"https:\\\/\\\/reporterdafrique.info\\\/en\\\/author\\\/reporterdafrique\\\/\"}]}<\/script>\n<!-- \/ Yoast SEO plugin. -->","yoast_head_json":{"title":"Togo\u00a0: Faure Gnassingb\u00e9 attribue des d\u00e9corations \u00e0 des officiers de l\u2019arm\u00e9e - REPORTERDAFRIQUE","description":"d\u00e9coration, arm\u00e9e, m\u00e9rite","robots":{"index":"index","follow":"follow","max-snippet":"max-snippet:-1","max-image-preview":"max-image-preview:large","max-video-preview":"max-video-preview:-1"},"canonical":"https:\/\/reporterdafrique.info\/en\/togo-faure-gnassingbe-attribue-des-decorations-a-des-officiers-de-larmee\/","og_locale":"en_US","og_type":"article","og_title":"Togo\u00a0: Faure Gnassingb\u00e9 attribue des d\u00e9corations \u00e0 des officiers de l\u2019arm\u00e9e - REPORTERDAFRIQUE","og_description":"d\u00e9coration, arm\u00e9e, m\u00e9rite","og_url":"https:\/\/reporterdafrique.info\/en\/togo-faure-gnassingbe-attribue-des-decorations-a-des-officiers-de-larmee\/","og_site_name":"REPORTERDAFRIQUE","article_published_time":"2026-04-26T13:22:15+00:00","article_modified_time":"2026-04-27T13:44:13+00:00","og_image":[{"width":1080,"height":756,"url":"https:\/\/reporterdafrique.info\/wp-content\/uploads\/2026\/04\/uuuuuuuuuuuuuuuuuuuuuuuuu.jpg","type":"image\/jpeg"}],"author":"reporterdafrique","twitter_card":"summary_large_image","twitter_misc":{"Written by":"reporterdafrique","Est. reading time":"3 minutes"},"schema":{"@context":"https:\/\/schema.org","@graph":[{"@type":"Article","@id":"https:\/\/reporterdafrique.info\/togo-faure-gnassingbe-attribue-des-decorations-a-des-officiers-de-larmee\/#article","isPartOf":{"@id":"https:\/\/reporterdafrique.info\/togo-faure-gnassingbe-attribue-des-decorations-a-des-officiers-de-larmee\/"},"author":{"name":"reporterdafrique","@id":"https:\/\/reporterdafrique.info\/#\/schema\/person\/e6c969aa000793e687c5399b5ffbdc77"},"headline":"Togo\u00a0: Faure Gnassingb\u00e9 attribue des d\u00e9corations \u00e0 des officiers de l\u2019arm\u00e9e","datePublished":"2026-04-26T13:22:15+00:00","dateModified":"2026-04-27T13:44:13+00:00","mainEntityOfPage":{"@id":"https:\/\/reporterdafrique.info\/togo-faure-gnassingbe-attribue-des-decorations-a-des-officiers-de-larmee\/"},"wordCount":473,"commentCount":0,"image":{"@id":"https:\/\/reporterdafrique.info\/togo-faure-gnassingbe-attribue-des-decorations-a-des-officiers-de-larmee\/#primaryimage"},"thumbnailUrl":"https:\/\/reporterdafrique.info\/wp-content\/uploads\/2026\/04\/uuuuuuuuuuuuuuuuuuuuuuuuu.jpg","articleSection":["politique"],"inLanguage":"en-US","potentialAction":[{"@type":"CommentAction","name":"Comment","target":["https:\/\/reporterdafrique.info\/togo-faure-gnassingbe-attribue-des-decorations-a-des-officiers-de-larmee\/#respond"]}]},{"@type":"WebPage","@id":"https:\/\/reporterdafrique.info\/togo-faure-gnassingbe-attribue-des-decorations-a-des-officiers-de-larmee\/","url":"https:\/\/reporterdafrique.info\/togo-faure-gnassingbe-attribue-des-decorations-a-des-officiers-de-larmee\/","name":"Togo\u00a0: Faure Gnassingb\u00e9 attribue des d\u00e9corations \u00e0 des officiers de l\u2019arm\u00e9e - REPORTERDAFRIQUE","isPartOf":{"@id":"https:\/\/reporterdafrique.info\/#website"},"primaryImageOfPage":{"@id":"https:\/\/reporterdafrique.info\/togo-faure-gnassingbe-attribue-des-decorations-a-des-officiers-de-larmee\/#primaryimage"},"image":{"@id":"https:\/\/reporterdafrique.info\/togo-faure-gnassingbe-attribue-des-decorations-a-des-officiers-de-larmee\/#primaryimage"},"thumbnailUrl":"https:\/\/reporterdafrique.info\/wp-content\/uploads\/2026\/04\/uuuuuuuuuuuuuuuuuuuuuuuuu.jpg","datePublished":"2026-04-26T13:22:15+00:00","dateModified":"2026-04-27T13:44:13+00:00","author":{"@id":"https:\/\/reporterdafrique.info\/#\/schema\/person\/e6c969aa000793e687c5399b5ffbdc77"},"description":"d\u00e9coration, arm\u00e9e, m\u00e9rite","breadcrumb":{"@id":"https:\/\/reporterdafrique.info\/togo-faure-gnassingbe-attribue-des-decorations-a-des-officiers-de-larmee\/#breadcrumb"},"inLanguage":"en-US","potentialAction":[{"@type":"ReadAction","target":["https:\/\/reporterdafrique.info\/togo-faure-gnassingbe-attribue-des-decorations-a-des-officiers-de-larmee\/"]}]},{"@type":"ImageObject","inLanguage":"en-US","@id":"https:\/\/reporterdafrique.info\/togo-faure-gnassingbe-attribue-des-decorations-a-des-officiers-de-larmee\/#primaryimage","url":"https:\/\/reporterdafrique.info\/wp-content\/uploads\/2026\/04\/uuuuuuuuuuuuuuuuuuuuuuuuu.jpg","contentUrl":"https:\/\/reporterdafrique.info\/wp-content\/uploads\/2026\/04\/uuuuuuuuuuuuuuuuuuuuuuuuu.jpg","width":1080,"height":756},{"@type":"BreadcrumbList","@id":"https:\/\/reporterdafrique.info\/togo-faure-gnassingbe-attribue-des-decorations-a-des-officiers-de-larmee\/#breadcrumb","itemListElement":[{"@type":"ListItem","position":1,"name":"Home","item":"https:\/\/reporterdafrique.info\/"},{"@type":"ListItem","position":2,"name":"Togo\u00a0: Faure Gnassingb\u00e9 attribue des d\u00e9corations \u00e0 des officiers de l\u2019arm\u00e9e"}]},{"@type":"WebSite","@id":"https:\/\/reporterdafrique.info\/#website","url":"https:\/\/reporterdafrique.info\/","name":"REPORTERDAFRIQUE","description":"L&#039;Afrique au quotidien","potentialAction":[{"@type":"SearchAction","target":{"@type":"EntryPoint","urlTemplate":"https:\/\/reporterdafrique.info\/?s={search_term_string}"},"query-input":{"@type":"PropertyValueSpecification","valueRequired":true,"valueName":"search_term_string"}}],"inLanguage":"en-US"},{"@type":"Person","@id":"https:\/\/reporterdafrique.info\/#\/schema\/person\/e6c969aa000793e687c5399b5ffbdc77","name":"reporterdafrique","image":{"@type":"ImageObject","inLanguage":"en-US","@id":"https:\/\/secure.gravatar.com\/avatar\/7882f7db2f0ee4f772f81ec0ee186273846b76223215f4b2a9c4f2b0017a1f64?s=96&d=mm&r=g","url":"https:\/\/secure.gravatar.com\/avatar\/7882f7db2f0ee4f772f81ec0ee186273846b76223215f4b2a9c4f2b0017a1f64?s=96&d=mm&r=g","contentUrl":"https:\/\/secure.gravatar.com\/avatar\/7882f7db2f0ee4f772f81ec0ee186273846b76223215f4b2a9c4f2b0017a1f64?s=96&d=mm&r=g","caption":"reporterdafrique"},"sameAs":["https:\/\/reporterdafrique.info"],"url":"https:\/\/reporterdafrique.info\/en\/author\/reporterdafrique\/"}]}},"amp_enabled":true,"_links":{"self":[{"href":"https:\/\/reporterdafrique.info\/en\/wp-json\/wp\/v2\/posts\/10419","targetHints":{"allow":["GET"]}}],"collection":[{"href":"https:\/\/reporterdafrique.info\/en\/wp-json\/wp\/v2\/posts"}],"about":[{"href":"https:\/\/reporterdafrique.info\/en\/wp-json\/wp\/v2\/types\/post"}],"author":[{"embeddable":true,"href":"https:\/\/reporterdafrique.info\/en\/wp-json\/wp\/v2\/users\/1"}],"replies":[{"embeddable":true,"href":"https:\/\/reporterdafrique.info\/en\/wp-json\/wp\/v2\/comments?post=10419"}],"version-history":[{"count":1,"href":"https:\/\/reporterdafrique.info\/en\/wp-json\/wp\/v2\/posts\/10419\/revisions"}],"predecessor-version":[{"id":10421,"href":"https:\/\/reporterdafrique.info\/en\/wp-json\/wp\/v2\/posts\/10419\/revisions\/10421"}],"wp:featuredmedia":[{"embeddable":true,"href":"https:\/\/reporterdafrique.info\/en\/wp-json\/wp\/v2\/media\/10420"}],"wp:attachment":[{"href":"https:\/\/reporterdafrique.info\/en\/wp-json\/wp\/v2\/media?parent=10419"}],"wp:term":[{"taxonomy":"category","embeddable":true,"href":"https:\/\/reporterdafrique.info\/en\/wp-json\/wp\/v2\/categories?post=10419"},{"taxonomy":"post_tag","embeddable":true,"href":"https:\/\/reporterdafrique.info\/en\/wp-json\/wp\/v2\/tags?post=10419"}],"curies":[{"name":"wp","href":"https:\/\/api.w.org\/{rel}","templated":true}]}}