{"id":10416,"date":"2026-04-26T13:09:36","date_gmt":"2026-04-26T13:09:36","guid":{"rendered":"https:\/\/reporterdafrique.info\/?p=10416"},"modified":"2026-04-27T13:21:42","modified_gmt":"2026-04-27T13:21:42","slug":"togo-jean-lucien-savi-de-tove-eleve-a-la-dignite-de-grand-croix-par-faure-gnassinge","status":"publish","type":"post","link":"https:\/\/reporterdafrique.info\/en\/togo-jean-lucien-savi-de-tove-eleve-a-la-dignite-de-grand-croix-par-faure-gnassinge\/","title":{"rendered":"Togo\u00a0: Jean-Lucien Savi de Tov\u00e9 \u00e9lev\u00e9 \u00e0 la Dignit\u00e9 de Grand-Croix par Faure Gnassing\u00e9"},"content":{"rendered":"<p>Le Pr\u00e9sident du Conseil, Faure Gnassingb\u00e9, Grand Ma\u00eetre des Ordres Nationaux, a \u00e9lev\u00e9, dimanche 26 avril 2026 au Palais de la Marina, le Pr\u00e9sident de la R\u00e9publique, Jean-Lucien Kwassi Lanyo Savi de Tov\u00e9, \u00e0 la Dignit\u00e9 de Grand-Croix de l\u2019Ordre du Mono, conform\u00e9ment \u00e0 l\u2019esprit et \u00e0 la lettre de la Constitution du 06 mai 2024.<\/p>\n\n\n\n<p>Cette c\u00e9r\u00e9monie solennelle et symbolique intervient dans le cadre de la comm\u00e9moration du 66\u00e8 anniversaire de l\u2019ind\u00e9pendance du Togo.<\/p>\n\n\n\n<p>La Dignit\u00e9 de Grand-Croix de l\u2019Ordre du Mono, r\u00e9serv\u00e9e aux plus hautes personnalit\u00e9s du pays, constitue l\u2019expression supr\u00eame de la reconnaissance nationale.<\/p>\n\n\n\n<p>Si cette plus haute distinction rev\u00eat un caract\u00e8re symbolique et honorifique, elle est porteuse d\u2019un message politique fort de valorisation des actions men\u00e9es dans l\u2019int\u00e9r\u00eat sup\u00e9rieur de la Nation togolaise en faveur de l\u2019illustre r\u00e9cipiendaire.<\/p>\n\n\n\n<p>D\u00e9sormais \u00e9lev\u00e9 \u00e0 la Dignit\u00e9 de Grand-Croix des Ordres nationaux, le Pr\u00e9sident de la R\u00e9publique est d\u00e9sormais habilit\u00e9 \u00e0 exercer le pouvoir de d\u00e9coration, en distinguant les personnalit\u00e9s togolaises et \u00e9trang\u00e8res qui, par leurs m\u00e9rites \u00e9minents ou leur engagement au service de la Nation, contribuent au rayonnement et \u00e0 la grandeur du Togo. La R\u00e9publique s\u2019adapte ainsi et \u00e9pouse la modernit\u00e9 et le r\u00e9alisme r\u00e9publicains.<\/p>\n\n\n\n<p>\u00c9lu Pr\u00e9sident de la R\u00e9publique le 3 mai 2025, Jean-Lucien Kwassi Lanyo Savi de Tov\u00e9 est un acteur majeur de la vie politique du Togo, reconnu pour son engagement constant en faveur du dialogue, de l\u2019unit\u00e9 nationale et de la construction de l\u2019\u00c9tat.<\/p>","protected":false},"excerpt":{"rendered":"<p>Le Pr\u00e9sident du Conseil, Faure Gnassingb\u00e9, Grand Ma\u00eetre des Ordres Nationaux, a \u00e9lev\u00e9, dimanche 26 avril 2026 au Palais de la Marina, le Pr\u00e9sident de la R\u00e9publique, Jean-Lucien Kwassi Lanyo Savi de Tov\u00e9, \u00e0 la Dignit\u00e9 de Grand-Croix de l\u2019Ordre du Mono, conform\u00e9ment \u00e0 l\u2019esprit et \u00e0 la lettre de la Constitution du 06 mai [&hellip;]<\/p>\n","protected":false},"author":1,"featured_media":10417,"comment_status":"open","ping_status":"open","sticky":false,"template":"","format":"standard","meta":{"tdm_status":"","tdm_grid_status":"","footnotes":""},"categories":[49],"tags":[],"class_list":{"0":"post-10416","1":"post","2":"type-post","3":"status-publish","4":"format-standard","5":"has-post-thumbnail","7":"category-politique"},"yoast_head":"<!-- This site is optimized with the Yoast SEO plugin v27.4 - https:\/\/yoast.com\/product\/yoast-seo-wordpress\/ -->\n<title>Togo\u00a0: Jean-Lucien Savi de Tov\u00e9 \u00e9lev\u00e9 \u00e0 la Dignit\u00e9 de Grand-Croix par Faure Gnassing\u00e9 - REPORTERDAFRIQUE<\/title>\n<meta name=\"description\" content=\"croix, d\u00e9coration, ordre\" \/>\n<meta name=\"robots\" content=\"index, follow, max-snippet:-1, max-image-preview:large, max-video-preview:-1\" \/>\n<link rel=\"canonical\" href=\"https:\/\/reporterdafrique.info\/en\/togo-jean-lucien-savi-de-tove-eleve-a-la-dignite-de-grand-croix-par-faure-gnassinge\/\" \/>\n<meta property=\"og:locale\" content=\"en_US\" \/>\n<meta property=\"og:type\" content=\"article\" \/>\n<meta property=\"og:title\" content=\"Togo\u00a0: Jean-Lucien Savi de Tov\u00e9 \u00e9lev\u00e9 \u00e0 la Dignit\u00e9 de Grand-Croix par Faure Gnassing\u00e9 - REPORTERDAFRIQUE\" \/>\n<meta property=\"og:description\" content=\"croix, d\u00e9coration, ordre\" \/>\n<meta property=\"og:url\" content=\"https:\/\/reporterdafrique.info\/en\/togo-jean-lucien-savi-de-tove-eleve-a-la-dignite-de-grand-croix-par-faure-gnassinge\/\" \/>\n<meta property=\"og:site_name\" content=\"REPORTERDAFRIQUE\" \/>\n<meta property=\"article:published_time\" content=\"2026-04-26T13:09:36+00:00\" \/>\n<meta property=\"article:modified_time\" content=\"2026-04-27T13:21:42+00:00\" \/>\n<meta property=\"og:image\" content=\"https:\/\/reporterdafrique.info\/wp-content\/uploads\/2026\/04\/ppppppppppppppppppppppppppppp.jpg\" \/>\n\t<meta property=\"og:image:width\" content=\"1080\" \/>\n\t<meta property=\"og:image:height\" content=\"756\" \/>\n\t<meta property=\"og:image:type\" content=\"image\/jpeg\" \/>\n<meta name=\"author\" content=\"reporterdafrique\" \/>\n<meta name=\"twitter:card\" content=\"summary_large_image\" \/>\n<meta name=\"twitter:label1\" content=\"Written by\" \/>\n\t<meta name=\"twitter:data1\" content=\"reporterdafrique\" \/>\n\t<meta name=\"twitter:label2\" content=\"Est. reading time\" \/>\n\t<meta name=\"twitter:data2\" content=\"2 minutes\" \/>\n<script type=\"application\/ld+json\" class=\"yoast-schema-graph\">{\"@context\":\"https:\\\/\\\/schema.org\",\"@graph\":[{\"@type\":\"Article\",\"@id\":\"https:\\\/\\\/reporterdafrique.info\\\/togo-jean-lucien-savi-de-tove-eleve-a-la-dignite-de-grand-croix-par-faure-gnassinge\\\/#article\",\"isPartOf\":{\"@id\":\"https:\\\/\\\/reporterdafrique.info\\\/togo-jean-lucien-savi-de-tove-eleve-a-la-dignite-de-grand-croix-par-faure-gnassinge\\\/\"},\"author\":{\"name\":\"reporterdafrique\",\"@id\":\"https:\\\/\\\/reporterdafrique.info\\\/#\\\/schema\\\/person\\\/e6c969aa000793e687c5399b5ffbdc77\"},\"headline\":\"Togo\u00a0: Jean-Lucien Savi de Tov\u00e9 \u00e9lev\u00e9 \u00e0 la Dignit\u00e9 de Grand-Croix par Faure Gnassing\u00e9\",\"datePublished\":\"2026-04-26T13:09:36+00:00\",\"dateModified\":\"2026-04-27T13:21:42+00:00\",\"mainEntityOfPage\":{\"@id\":\"https:\\\/\\\/reporterdafrique.info\\\/togo-jean-lucien-savi-de-tove-eleve-a-la-dignite-de-grand-croix-par-faure-gnassinge\\\/\"},\"wordCount\":284,\"commentCount\":0,\"image\":{\"@id\":\"https:\\\/\\\/reporterdafrique.info\\\/togo-jean-lucien-savi-de-tove-eleve-a-la-dignite-de-grand-croix-par-faure-gnassinge\\\/#primaryimage\"},\"thumbnailUrl\":\"https:\\\/\\\/reporterdafrique.info\\\/wp-content\\\/uploads\\\/2026\\\/04\\\/ppppppppppppppppppppppppppppp.jpg\",\"articleSection\":[\"politique\"],\"inLanguage\":\"en-US\",\"potentialAction\":[{\"@type\":\"CommentAction\",\"name\":\"Comment\",\"target\":[\"https:\\\/\\\/reporterdafrique.info\\\/togo-jean-lucien-savi-de-tove-eleve-a-la-dignite-de-grand-croix-par-faure-gnassinge\\\/#respond\"]}]},{\"@type\":\"WebPage\",\"@id\":\"https:\\\/\\\/reporterdafrique.info\\\/togo-jean-lucien-savi-de-tove-eleve-a-la-dignite-de-grand-croix-par-faure-gnassinge\\\/\",\"url\":\"https:\\\/\\\/reporterdafrique.info\\\/togo-jean-lucien-savi-de-tove-eleve-a-la-dignite-de-grand-croix-par-faure-gnassinge\\\/\",\"name\":\"Togo\u00a0: Jean-Lucien Savi de Tov\u00e9 \u00e9lev\u00e9 \u00e0 la Dignit\u00e9 de Grand-Croix par Faure Gnassing\u00e9 - REPORTERDAFRIQUE\",\"isPartOf\":{\"@id\":\"https:\\\/\\\/reporterdafrique.info\\\/#website\"},\"primaryImageOfPage\":{\"@id\":\"https:\\\/\\\/reporterdafrique.info\\\/togo-jean-lucien-savi-de-tove-eleve-a-la-dignite-de-grand-croix-par-faure-gnassinge\\\/#primaryimage\"},\"image\":{\"@id\":\"https:\\\/\\\/reporterdafrique.info\\\/togo-jean-lucien-savi-de-tove-eleve-a-la-dignite-de-grand-croix-par-faure-gnassinge\\\/#primaryimage\"},\"thumbnailUrl\":\"https:\\\/\\\/reporterdafrique.info\\\/wp-content\\\/uploads\\\/2026\\\/04\\\/ppppppppppppppppppppppppppppp.jpg\",\"datePublished\":\"2026-04-26T13:09:36+00:00\",\"dateModified\":\"2026-04-27T13:21:42+00:00\",\"author\":{\"@id\":\"https:\\\/\\\/reporterdafrique.info\\\/#\\\/schema\\\/person\\\/e6c969aa000793e687c5399b5ffbdc77\"},\"description\":\"croix, d\u00e9coration, ordre\",\"breadcrumb\":{\"@id\":\"https:\\\/\\\/reporterdafrique.info\\\/togo-jean-lucien-savi-de-tove-eleve-a-la-dignite-de-grand-croix-par-faure-gnassinge\\\/#breadcrumb\"},\"inLanguage\":\"en-US\",\"potentialAction\":[{\"@type\":\"ReadAction\",\"target\":[\"https:\\\/\\\/reporterdafrique.info\\\/togo-jean-lucien-savi-de-tove-eleve-a-la-dignite-de-grand-croix-par-faure-gnassinge\\\/\"]}]},{\"@type\":\"ImageObject\",\"inLanguage\":\"en-US\",\"@id\":\"https:\\\/\\\/reporterdafrique.info\\\/togo-jean-lucien-savi-de-tove-eleve-a-la-dignite-de-grand-croix-par-faure-gnassinge\\\/#primaryimage\",\"url\":\"https:\\\/\\\/reporterdafrique.info\\\/wp-content\\\/uploads\\\/2026\\\/04\\\/ppppppppppppppppppppppppppppp.jpg\",\"contentUrl\":\"https:\\\/\\\/reporterdafrique.info\\\/wp-content\\\/uploads\\\/2026\\\/04\\\/ppppppppppppppppppppppppppppp.jpg\",\"width\":1080,\"height\":756},{\"@type\":\"BreadcrumbList\",\"@id\":\"https:\\\/\\\/reporterdafrique.info\\\/togo-jean-lucien-savi-de-tove-eleve-a-la-dignite-de-grand-croix-par-faure-gnassinge\\\/#breadcrumb\",\"itemListElement\":[{\"@type\":\"ListItem\",\"position\":1,\"name\":\"Home\",\"item\":\"https:\\\/\\\/reporterdafrique.info\\\/\"},{\"@type\":\"ListItem\",\"position\":2,\"name\":\"Togo\u00a0: Jean-Lucien Savi de Tov\u00e9 \u00e9lev\u00e9 \u00e0 la Dignit\u00e9 de Grand-Croix par Faure Gnassing\u00e9\"}]},{\"@type\":\"WebSite\",\"@id\":\"https:\\\/\\\/reporterdafrique.info\\\/#website\",\"url\":\"https:\\\/\\\/reporterdafrique.info\\\/\",\"name\":\"REPORTERDAFRIQUE\",\"description\":\"L&#039;Afrique au quotidien\",\"potentialAction\":[{\"@type\":\"SearchAction\",\"target\":{\"@type\":\"EntryPoint\",\"urlTemplate\":\"https:\\\/\\\/reporterdafrique.info\\\/?s={search_term_string}\"},\"query-input\":{\"@type\":\"PropertyValueSpecification\",\"valueRequired\":true,\"valueName\":\"search_term_string\"}}],\"inLanguage\":\"en-US\"},{\"@type\":\"Person\",\"@id\":\"https:\\\/\\\/reporterdafrique.info\\\/#\\\/schema\\\/person\\\/e6c969aa000793e687c5399b5ffbdc77\",\"name\":\"reporterdafrique\",\"image\":{\"@type\":\"ImageObject\",\"inLanguage\":\"en-US\",\"@id\":\"https:\\\/\\\/secure.gravatar.com\\\/avatar\\\/7882f7db2f0ee4f772f81ec0ee186273846b76223215f4b2a9c4f2b0017a1f64?s=96&d=mm&r=g\",\"url\":\"https:\\\/\\\/secure.gravatar.com\\\/avatar\\\/7882f7db2f0ee4f772f81ec0ee186273846b76223215f4b2a9c4f2b0017a1f64?s=96&d=mm&r=g\",\"contentUrl\":\"https:\\\/\\\/secure.gravatar.com\\\/avatar\\\/7882f7db2f0ee4f772f81ec0ee186273846b76223215f4b2a9c4f2b0017a1f64?s=96&d=mm&r=g\",\"caption\":\"reporterdafrique\"},\"sameAs\":[\"https:\\\/\\\/reporterdafrique.info\"],\"url\":\"https:\\\/\\\/reporterdafrique.info\\\/en\\\/author\\\/reporterdafrique\\\/\"}]}<\/script>\n<!-- \/ Yoast SEO plugin. -->","yoast_head_json":{"title":"Togo\u00a0: Jean-Lucien Savi de Tov\u00e9 \u00e9lev\u00e9 \u00e0 la Dignit\u00e9 de Grand-Croix par Faure Gnassing\u00e9 - REPORTERDAFRIQUE","description":"croix, d\u00e9coration, ordre","robots":{"index":"index","follow":"follow","max-snippet":"max-snippet:-1","max-image-preview":"max-image-preview:large","max-video-preview":"max-video-preview:-1"},"canonical":"https:\/\/reporterdafrique.info\/en\/togo-jean-lucien-savi-de-tove-eleve-a-la-dignite-de-grand-croix-par-faure-gnassinge\/","og_locale":"en_US","og_type":"article","og_title":"Togo\u00a0: Jean-Lucien Savi de Tov\u00e9 \u00e9lev\u00e9 \u00e0 la Dignit\u00e9 de Grand-Croix par Faure Gnassing\u00e9 - REPORTERDAFRIQUE","og_description":"croix, d\u00e9coration, ordre","og_url":"https:\/\/reporterdafrique.info\/en\/togo-jean-lucien-savi-de-tove-eleve-a-la-dignite-de-grand-croix-par-faure-gnassinge\/","og_site_name":"REPORTERDAFRIQUE","article_published_time":"2026-04-26T13:09:36+00:00","article_modified_time":"2026-04-27T13:21:42+00:00","og_image":[{"width":1080,"height":756,"url":"https:\/\/reporterdafrique.info\/wp-content\/uploads\/2026\/04\/ppppppppppppppppppppppppppppp.jpg","type":"image\/jpeg"}],"author":"reporterdafrique","twitter_card":"summary_large_image","twitter_misc":{"Written by":"reporterdafrique","Est. reading time":"2 minutes"},"schema":{"@context":"https:\/\/schema.org","@graph":[{"@type":"Article","@id":"https:\/\/reporterdafrique.info\/togo-jean-lucien-savi-de-tove-eleve-a-la-dignite-de-grand-croix-par-faure-gnassinge\/#article","isPartOf":{"@id":"https:\/\/reporterdafrique.info\/togo-jean-lucien-savi-de-tove-eleve-a-la-dignite-de-grand-croix-par-faure-gnassinge\/"},"author":{"name":"reporterdafrique","@id":"https:\/\/reporterdafrique.info\/#\/schema\/person\/e6c969aa000793e687c5399b5ffbdc77"},"headline":"Togo\u00a0: Jean-Lucien Savi de Tov\u00e9 \u00e9lev\u00e9 \u00e0 la Dignit\u00e9 de Grand-Croix par Faure Gnassing\u00e9","datePublished":"2026-04-26T13:09:36+00:00","dateModified":"2026-04-27T13:21:42+00:00","mainEntityOfPage":{"@id":"https:\/\/reporterdafrique.info\/togo-jean-lucien-savi-de-tove-eleve-a-la-dignite-de-grand-croix-par-faure-gnassinge\/"},"wordCount":284,"commentCount":0,"image":{"@id":"https:\/\/reporterdafrique.info\/togo-jean-lucien-savi-de-tove-eleve-a-la-dignite-de-grand-croix-par-faure-gnassinge\/#primaryimage"},"thumbnailUrl":"https:\/\/reporterdafrique.info\/wp-content\/uploads\/2026\/04\/ppppppppppppppppppppppppppppp.jpg","articleSection":["politique"],"inLanguage":"en-US","potentialAction":[{"@type":"CommentAction","name":"Comment","target":["https:\/\/reporterdafrique.info\/togo-jean-lucien-savi-de-tove-eleve-a-la-dignite-de-grand-croix-par-faure-gnassinge\/#respond"]}]},{"@type":"WebPage","@id":"https:\/\/reporterdafrique.info\/togo-jean-lucien-savi-de-tove-eleve-a-la-dignite-de-grand-croix-par-faure-gnassinge\/","url":"https:\/\/reporterdafrique.info\/togo-jean-lucien-savi-de-tove-eleve-a-la-dignite-de-grand-croix-par-faure-gnassinge\/","name":"Togo\u00a0: Jean-Lucien Savi de Tov\u00e9 \u00e9lev\u00e9 \u00e0 la Dignit\u00e9 de Grand-Croix par Faure Gnassing\u00e9 - REPORTERDAFRIQUE","isPartOf":{"@id":"https:\/\/reporterdafrique.info\/#website"},"primaryImageOfPage":{"@id":"https:\/\/reporterdafrique.info\/togo-jean-lucien-savi-de-tove-eleve-a-la-dignite-de-grand-croix-par-faure-gnassinge\/#primaryimage"},"image":{"@id":"https:\/\/reporterdafrique.info\/togo-jean-lucien-savi-de-tove-eleve-a-la-dignite-de-grand-croix-par-faure-gnassinge\/#primaryimage"},"thumbnailUrl":"https:\/\/reporterdafrique.info\/wp-content\/uploads\/2026\/04\/ppppppppppppppppppppppppppppp.jpg","datePublished":"2026-04-26T13:09:36+00:00","dateModified":"2026-04-27T13:21:42+00:00","author":{"@id":"https:\/\/reporterdafrique.info\/#\/schema\/person\/e6c969aa000793e687c5399b5ffbdc77"},"description":"croix, d\u00e9coration, ordre","breadcrumb":{"@id":"https:\/\/reporterdafrique.info\/togo-jean-lucien-savi-de-tove-eleve-a-la-dignite-de-grand-croix-par-faure-gnassinge\/#breadcrumb"},"inLanguage":"en-US","potentialAction":[{"@type":"ReadAction","target":["https:\/\/reporterdafrique.info\/togo-jean-lucien-savi-de-tove-eleve-a-la-dignite-de-grand-croix-par-faure-gnassinge\/"]}]},{"@type":"ImageObject","inLanguage":"en-US","@id":"https:\/\/reporterdafrique.info\/togo-jean-lucien-savi-de-tove-eleve-a-la-dignite-de-grand-croix-par-faure-gnassinge\/#primaryimage","url":"https:\/\/reporterdafrique.info\/wp-content\/uploads\/2026\/04\/ppppppppppppppppppppppppppppp.jpg","contentUrl":"https:\/\/reporterdafrique.info\/wp-content\/uploads\/2026\/04\/ppppppppppppppppppppppppppppp.jpg","width":1080,"height":756},{"@type":"BreadcrumbList","@id":"https:\/\/reporterdafrique.info\/togo-jean-lucien-savi-de-tove-eleve-a-la-dignite-de-grand-croix-par-faure-gnassinge\/#breadcrumb","itemListElement":[{"@type":"ListItem","position":1,"name":"Home","item":"https:\/\/reporterdafrique.info\/"},{"@type":"ListItem","position":2,"name":"Togo\u00a0: Jean-Lucien Savi de Tov\u00e9 \u00e9lev\u00e9 \u00e0 la Dignit\u00e9 de Grand-Croix par Faure Gnassing\u00e9"}]},{"@type":"WebSite","@id":"https:\/\/reporterdafrique.info\/#website","url":"https:\/\/reporterdafrique.info\/","name":"REPORTERDAFRIQUE","description":"L&#039;Afrique au quotidien","potentialAction":[{"@type":"SearchAction","target":{"@type":"EntryPoint","urlTemplate":"https:\/\/reporterdafrique.info\/?s={search_term_string}"},"query-input":{"@type":"PropertyValueSpecification","valueRequired":true,"valueName":"search_term_string"}}],"inLanguage":"en-US"},{"@type":"Person","@id":"https:\/\/reporterdafrique.info\/#\/schema\/person\/e6c969aa000793e687c5399b5ffbdc77","name":"reporterdafrique","image":{"@type":"ImageObject","inLanguage":"en-US","@id":"https:\/\/secure.gravatar.com\/avatar\/7882f7db2f0ee4f772f81ec0ee186273846b76223215f4b2a9c4f2b0017a1f64?s=96&d=mm&r=g","url":"https:\/\/secure.gravatar.com\/avatar\/7882f7db2f0ee4f772f81ec0ee186273846b76223215f4b2a9c4f2b0017a1f64?s=96&d=mm&r=g","contentUrl":"https:\/\/secure.gravatar.com\/avatar\/7882f7db2f0ee4f772f81ec0ee186273846b76223215f4b2a9c4f2b0017a1f64?s=96&d=mm&r=g","caption":"reporterdafrique"},"sameAs":["https:\/\/reporterdafrique.info"],"url":"https:\/\/reporterdafrique.info\/en\/author\/reporterdafrique\/"}]}},"amp_enabled":true,"_links":{"self":[{"href":"https:\/\/reporterdafrique.info\/en\/wp-json\/wp\/v2\/posts\/10416","targetHints":{"allow":["GET"]}}],"collection":[{"href":"https:\/\/reporterdafrique.info\/en\/wp-json\/wp\/v2\/posts"}],"about":[{"href":"https:\/\/reporterdafrique.info\/en\/wp-json\/wp\/v2\/types\/post"}],"author":[{"embeddable":true,"href":"https:\/\/reporterdafrique.info\/en\/wp-json\/wp\/v2\/users\/1"}],"replies":[{"embeddable":true,"href":"https:\/\/reporterdafrique.info\/en\/wp-json\/wp\/v2\/comments?post=10416"}],"version-history":[{"count":1,"href":"https:\/\/reporterdafrique.info\/en\/wp-json\/wp\/v2\/posts\/10416\/revisions"}],"predecessor-version":[{"id":10418,"href":"https:\/\/reporterdafrique.info\/en\/wp-json\/wp\/v2\/posts\/10416\/revisions\/10418"}],"wp:featuredmedia":[{"embeddable":true,"href":"https:\/\/reporterdafrique.info\/en\/wp-json\/wp\/v2\/media\/10417"}],"wp:attachment":[{"href":"https:\/\/reporterdafrique.info\/en\/wp-json\/wp\/v2\/media?parent=10416"}],"wp:term":[{"taxonomy":"category","embeddable":true,"href":"https:\/\/reporterdafrique.info\/en\/wp-json\/wp\/v2\/categories?post=10416"},{"taxonomy":"post_tag","embeddable":true,"href":"https:\/\/reporterdafrique.info\/en\/wp-json\/wp\/v2\/tags?post=10416"}],"curies":[{"name":"wp","href":"https:\/\/api.w.org\/{rel}","templated":true}]}}