{"id":10413,"date":"2026-04-26T12:37:18","date_gmt":"2026-04-26T12:37:18","guid":{"rendered":"https:\/\/reporterdafrique.info\/?p=10413"},"modified":"2026-04-27T13:09:13","modified_gmt":"2026-04-27T13:09:13","slug":"togo-le-president-du-conseil-ravive-la-flamme-de-lindependance","status":"publish","type":"post","link":"https:\/\/reporterdafrique.info\/en\/togo-le-president-du-conseil-ravive-la-flamme-de-lindependance\/","title":{"rendered":"Togo : \u00a0le Pr\u00e9sident du Conseil ravive la flamme de l\u2019ind\u00e9pendance"},"content":{"rendered":"<p>A la veille des c\u00e9l\u00e9brations marquant le 66\u1d49 anniversaire de l\u2019accession du Togo \u00e0 la souverainet\u00e9 internationale, le Pr\u00e9sident du Conseil, Faure Gnassingb\u00e9, a proc\u00e9d\u00e9 \u00e0 la ranimation de la flamme de l\u2019ind\u00e9pendance.<\/p>\n\n\n\n<p>Cette c\u00e9r\u00e9monie, symbolique, a rassembl\u00e9 les pr\u00e9sidents des institutions de la R\u00e9publique, les autorit\u00e9s politiques, administratives, militaires et traditionnelles, ainsi que les repr\u00e9sentants du corps diplomatique. Tous ont assist\u00e9 \u00e0 ce geste solennel par lequel le peuple togolais r\u00e9affirme son attachement aux id\u00e9aux de libert\u00e9, de souverainet\u00e9 et d\u2019unit\u00e9.<\/p>\n\n\n\n<p>Au-del\u00e0 de sa dimension protocolaire, cette c\u00e9r\u00e9monie honore la m\u00e9moire des figures h\u00e9ro\u00efques qui, au prix de lourds sacrifices, ont permis la naissance de la nation togolaise. Elle s\u2019inscrit \u00e9galement dans la vision d\u2019un Togo r\u00e9solument tourn\u00e9 vers l\u2019avenir et profond\u00e9ment ancr\u00e9 dans son histoire.<\/p>","protected":false},"excerpt":{"rendered":"<p>A la veille des c\u00e9l\u00e9brations marquant le 66\u1d49 anniversaire de l\u2019accession du Togo \u00e0 la souverainet\u00e9 internationale, le Pr\u00e9sident du Conseil, Faure Gnassingb\u00e9, a proc\u00e9d\u00e9 \u00e0 la ranimation de la flamme de l\u2019ind\u00e9pendance. Cette c\u00e9r\u00e9monie, symbolique, a rassembl\u00e9 les pr\u00e9sidents des institutions de la R\u00e9publique, les autorit\u00e9s politiques, administratives, militaires et traditionnelles, ainsi que les [&hellip;]<\/p>\n","protected":false},"author":1,"featured_media":10414,"comment_status":"open","ping_status":"open","sticky":false,"template":"","format":"standard","meta":{"tdm_status":"","tdm_grid_status":"","footnotes":""},"categories":[49],"tags":[],"class_list":{"0":"post-10413","1":"post","2":"type-post","3":"status-publish","4":"format-standard","5":"has-post-thumbnail","7":"category-politique"},"yoast_head":"<!-- This site is optimized with the Yoast SEO plugin v27.4 - https:\/\/yoast.com\/product\/yoast-seo-wordpress\/ -->\n<title>Togo : \u00a0le Pr\u00e9sident du Conseil ravive la flamme de l\u2019ind\u00e9pendance - REPORTERDAFRIQUE<\/title>\n<meta name=\"description\" content=\"ind\u00e9pendance, flamme, f\u00eate\" \/>\n<meta name=\"robots\" content=\"index, follow, max-snippet:-1, max-image-preview:large, max-video-preview:-1\" \/>\n<link rel=\"canonical\" href=\"https:\/\/reporterdafrique.info\/en\/togo-le-president-du-conseil-ravive-la-flamme-de-lindependance\/\" \/>\n<meta property=\"og:locale\" content=\"en_US\" \/>\n<meta property=\"og:type\" content=\"article\" \/>\n<meta property=\"og:title\" content=\"Togo : \u00a0le Pr\u00e9sident du Conseil ravive la flamme de l\u2019ind\u00e9pendance - REPORTERDAFRIQUE\" \/>\n<meta property=\"og:description\" content=\"ind\u00e9pendance, flamme, f\u00eate\" \/>\n<meta property=\"og:url\" content=\"https:\/\/reporterdafrique.info\/en\/togo-le-president-du-conseil-ravive-la-flamme-de-lindependance\/\" \/>\n<meta property=\"og:site_name\" content=\"REPORTERDAFRIQUE\" \/>\n<meta property=\"article:published_time\" content=\"2026-04-26T12:37:18+00:00\" \/>\n<meta property=\"article:modified_time\" content=\"2026-04-27T13:09:13+00:00\" \/>\n<meta property=\"og:image\" content=\"https:\/\/reporterdafrique.info\/wp-content\/uploads\/2026\/04\/vvvvvvvvvvvvvvvvvvvvvvvvvvvvvvvvvvvvvvvvvvvvvvvv.jpg\" \/>\n\t<meta property=\"og:image:width\" content=\"1080\" \/>\n\t<meta property=\"og:image:height\" content=\"756\" \/>\n\t<meta property=\"og:image:type\" content=\"image\/jpeg\" \/>\n<meta name=\"author\" content=\"reporterdafrique\" \/>\n<meta name=\"twitter:card\" content=\"summary_large_image\" \/>\n<meta name=\"twitter:label1\" content=\"Written by\" \/>\n\t<meta name=\"twitter:data1\" content=\"reporterdafrique\" \/>\n\t<meta name=\"twitter:label2\" content=\"Est. reading time\" \/>\n\t<meta name=\"twitter:data2\" content=\"1 minute\" \/>\n<script type=\"application\/ld+json\" class=\"yoast-schema-graph\">{\"@context\":\"https:\\\/\\\/schema.org\",\"@graph\":[{\"@type\":\"Article\",\"@id\":\"https:\\\/\\\/reporterdafrique.info\\\/togo-le-president-du-conseil-ravive-la-flamme-de-lindependance\\\/#article\",\"isPartOf\":{\"@id\":\"https:\\\/\\\/reporterdafrique.info\\\/togo-le-president-du-conseil-ravive-la-flamme-de-lindependance\\\/\"},\"author\":{\"name\":\"reporterdafrique\",\"@id\":\"https:\\\/\\\/reporterdafrique.info\\\/#\\\/schema\\\/person\\\/e6c969aa000793e687c5399b5ffbdc77\"},\"headline\":\"Togo : \u00a0le Pr\u00e9sident du Conseil ravive la flamme de l\u2019ind\u00e9pendance\",\"datePublished\":\"2026-04-26T12:37:18+00:00\",\"dateModified\":\"2026-04-27T13:09:13+00:00\",\"mainEntityOfPage\":{\"@id\":\"https:\\\/\\\/reporterdafrique.info\\\/togo-le-president-du-conseil-ravive-la-flamme-de-lindependance\\\/\"},\"wordCount\":162,\"commentCount\":0,\"image\":{\"@id\":\"https:\\\/\\\/reporterdafrique.info\\\/togo-le-president-du-conseil-ravive-la-flamme-de-lindependance\\\/#primaryimage\"},\"thumbnailUrl\":\"https:\\\/\\\/reporterdafrique.info\\\/wp-content\\\/uploads\\\/2026\\\/04\\\/vvvvvvvvvvvvvvvvvvvvvvvvvvvvvvvvvvvvvvvvvvvvvvvv.jpg\",\"articleSection\":[\"politique\"],\"inLanguage\":\"en-US\",\"potentialAction\":[{\"@type\":\"CommentAction\",\"name\":\"Comment\",\"target\":[\"https:\\\/\\\/reporterdafrique.info\\\/togo-le-president-du-conseil-ravive-la-flamme-de-lindependance\\\/#respond\"]}]},{\"@type\":\"WebPage\",\"@id\":\"https:\\\/\\\/reporterdafrique.info\\\/togo-le-president-du-conseil-ravive-la-flamme-de-lindependance\\\/\",\"url\":\"https:\\\/\\\/reporterdafrique.info\\\/togo-le-president-du-conseil-ravive-la-flamme-de-lindependance\\\/\",\"name\":\"Togo : \u00a0le Pr\u00e9sident du Conseil ravive la flamme de l\u2019ind\u00e9pendance - REPORTERDAFRIQUE\",\"isPartOf\":{\"@id\":\"https:\\\/\\\/reporterdafrique.info\\\/#website\"},\"primaryImageOfPage\":{\"@id\":\"https:\\\/\\\/reporterdafrique.info\\\/togo-le-president-du-conseil-ravive-la-flamme-de-lindependance\\\/#primaryimage\"},\"image\":{\"@id\":\"https:\\\/\\\/reporterdafrique.info\\\/togo-le-president-du-conseil-ravive-la-flamme-de-lindependance\\\/#primaryimage\"},\"thumbnailUrl\":\"https:\\\/\\\/reporterdafrique.info\\\/wp-content\\\/uploads\\\/2026\\\/04\\\/vvvvvvvvvvvvvvvvvvvvvvvvvvvvvvvvvvvvvvvvvvvvvvvv.jpg\",\"datePublished\":\"2026-04-26T12:37:18+00:00\",\"dateModified\":\"2026-04-27T13:09:13+00:00\",\"author\":{\"@id\":\"https:\\\/\\\/reporterdafrique.info\\\/#\\\/schema\\\/person\\\/e6c969aa000793e687c5399b5ffbdc77\"},\"description\":\"ind\u00e9pendance, flamme, f\u00eate\",\"breadcrumb\":{\"@id\":\"https:\\\/\\\/reporterdafrique.info\\\/togo-le-president-du-conseil-ravive-la-flamme-de-lindependance\\\/#breadcrumb\"},\"inLanguage\":\"en-US\",\"potentialAction\":[{\"@type\":\"ReadAction\",\"target\":[\"https:\\\/\\\/reporterdafrique.info\\\/togo-le-president-du-conseil-ravive-la-flamme-de-lindependance\\\/\"]}]},{\"@type\":\"ImageObject\",\"inLanguage\":\"en-US\",\"@id\":\"https:\\\/\\\/reporterdafrique.info\\\/togo-le-president-du-conseil-ravive-la-flamme-de-lindependance\\\/#primaryimage\",\"url\":\"https:\\\/\\\/reporterdafrique.info\\\/wp-content\\\/uploads\\\/2026\\\/04\\\/vvvvvvvvvvvvvvvvvvvvvvvvvvvvvvvvvvvvvvvvvvvvvvvv.jpg\",\"contentUrl\":\"https:\\\/\\\/reporterdafrique.info\\\/wp-content\\\/uploads\\\/2026\\\/04\\\/vvvvvvvvvvvvvvvvvvvvvvvvvvvvvvvvvvvvvvvvvvvvvvvv.jpg\",\"width\":1080,\"height\":756},{\"@type\":\"BreadcrumbList\",\"@id\":\"https:\\\/\\\/reporterdafrique.info\\\/togo-le-president-du-conseil-ravive-la-flamme-de-lindependance\\\/#breadcrumb\",\"itemListElement\":[{\"@type\":\"ListItem\",\"position\":1,\"name\":\"Home\",\"item\":\"https:\\\/\\\/reporterdafrique.info\\\/\"},{\"@type\":\"ListItem\",\"position\":2,\"name\":\"Togo : \u00a0le Pr\u00e9sident du Conseil ravive la flamme de l\u2019ind\u00e9pendance\"}]},{\"@type\":\"WebSite\",\"@id\":\"https:\\\/\\\/reporterdafrique.info\\\/#website\",\"url\":\"https:\\\/\\\/reporterdafrique.info\\\/\",\"name\":\"REPORTERDAFRIQUE\",\"description\":\"L&#039;Afrique au quotidien\",\"potentialAction\":[{\"@type\":\"SearchAction\",\"target\":{\"@type\":\"EntryPoint\",\"urlTemplate\":\"https:\\\/\\\/reporterdafrique.info\\\/?s={search_term_string}\"},\"query-input\":{\"@type\":\"PropertyValueSpecification\",\"valueRequired\":true,\"valueName\":\"search_term_string\"}}],\"inLanguage\":\"en-US\"},{\"@type\":\"Person\",\"@id\":\"https:\\\/\\\/reporterdafrique.info\\\/#\\\/schema\\\/person\\\/e6c969aa000793e687c5399b5ffbdc77\",\"name\":\"reporterdafrique\",\"image\":{\"@type\":\"ImageObject\",\"inLanguage\":\"en-US\",\"@id\":\"https:\\\/\\\/secure.gravatar.com\\\/avatar\\\/7882f7db2f0ee4f772f81ec0ee186273846b76223215f4b2a9c4f2b0017a1f64?s=96&d=mm&r=g\",\"url\":\"https:\\\/\\\/secure.gravatar.com\\\/avatar\\\/7882f7db2f0ee4f772f81ec0ee186273846b76223215f4b2a9c4f2b0017a1f64?s=96&d=mm&r=g\",\"contentUrl\":\"https:\\\/\\\/secure.gravatar.com\\\/avatar\\\/7882f7db2f0ee4f772f81ec0ee186273846b76223215f4b2a9c4f2b0017a1f64?s=96&d=mm&r=g\",\"caption\":\"reporterdafrique\"},\"sameAs\":[\"https:\\\/\\\/reporterdafrique.info\"],\"url\":\"https:\\\/\\\/reporterdafrique.info\\\/en\\\/author\\\/reporterdafrique\\\/\"}]}<\/script>\n<!-- \/ Yoast SEO plugin. -->","yoast_head_json":{"title":"Togo : \u00a0le Pr\u00e9sident du Conseil ravive la flamme de l\u2019ind\u00e9pendance - REPORTERDAFRIQUE","description":"ind\u00e9pendance, flamme, f\u00eate","robots":{"index":"index","follow":"follow","max-snippet":"max-snippet:-1","max-image-preview":"max-image-preview:large","max-video-preview":"max-video-preview:-1"},"canonical":"https:\/\/reporterdafrique.info\/en\/togo-le-president-du-conseil-ravive-la-flamme-de-lindependance\/","og_locale":"en_US","og_type":"article","og_title":"Togo : \u00a0le Pr\u00e9sident du Conseil ravive la flamme de l\u2019ind\u00e9pendance - REPORTERDAFRIQUE","og_description":"ind\u00e9pendance, flamme, f\u00eate","og_url":"https:\/\/reporterdafrique.info\/en\/togo-le-president-du-conseil-ravive-la-flamme-de-lindependance\/","og_site_name":"REPORTERDAFRIQUE","article_published_time":"2026-04-26T12:37:18+00:00","article_modified_time":"2026-04-27T13:09:13+00:00","og_image":[{"width":1080,"height":756,"url":"https:\/\/reporterdafrique.info\/wp-content\/uploads\/2026\/04\/vvvvvvvvvvvvvvvvvvvvvvvvvvvvvvvvvvvvvvvvvvvvvvvv.jpg","type":"image\/jpeg"}],"author":"reporterdafrique","twitter_card":"summary_large_image","twitter_misc":{"Written by":"reporterdafrique","Est. reading time":"1 minute"},"schema":{"@context":"https:\/\/schema.org","@graph":[{"@type":"Article","@id":"https:\/\/reporterdafrique.info\/togo-le-president-du-conseil-ravive-la-flamme-de-lindependance\/#article","isPartOf":{"@id":"https:\/\/reporterdafrique.info\/togo-le-president-du-conseil-ravive-la-flamme-de-lindependance\/"},"author":{"name":"reporterdafrique","@id":"https:\/\/reporterdafrique.info\/#\/schema\/person\/e6c969aa000793e687c5399b5ffbdc77"},"headline":"Togo : \u00a0le Pr\u00e9sident du Conseil ravive la flamme de l\u2019ind\u00e9pendance","datePublished":"2026-04-26T12:37:18+00:00","dateModified":"2026-04-27T13:09:13+00:00","mainEntityOfPage":{"@id":"https:\/\/reporterdafrique.info\/togo-le-president-du-conseil-ravive-la-flamme-de-lindependance\/"},"wordCount":162,"commentCount":0,"image":{"@id":"https:\/\/reporterdafrique.info\/togo-le-president-du-conseil-ravive-la-flamme-de-lindependance\/#primaryimage"},"thumbnailUrl":"https:\/\/reporterdafrique.info\/wp-content\/uploads\/2026\/04\/vvvvvvvvvvvvvvvvvvvvvvvvvvvvvvvvvvvvvvvvvvvvvvvv.jpg","articleSection":["politique"],"inLanguage":"en-US","potentialAction":[{"@type":"CommentAction","name":"Comment","target":["https:\/\/reporterdafrique.info\/togo-le-president-du-conseil-ravive-la-flamme-de-lindependance\/#respond"]}]},{"@type":"WebPage","@id":"https:\/\/reporterdafrique.info\/togo-le-president-du-conseil-ravive-la-flamme-de-lindependance\/","url":"https:\/\/reporterdafrique.info\/togo-le-president-du-conseil-ravive-la-flamme-de-lindependance\/","name":"Togo : \u00a0le Pr\u00e9sident du Conseil ravive la flamme de l\u2019ind\u00e9pendance - REPORTERDAFRIQUE","isPartOf":{"@id":"https:\/\/reporterdafrique.info\/#website"},"primaryImageOfPage":{"@id":"https:\/\/reporterdafrique.info\/togo-le-president-du-conseil-ravive-la-flamme-de-lindependance\/#primaryimage"},"image":{"@id":"https:\/\/reporterdafrique.info\/togo-le-president-du-conseil-ravive-la-flamme-de-lindependance\/#primaryimage"},"thumbnailUrl":"https:\/\/reporterdafrique.info\/wp-content\/uploads\/2026\/04\/vvvvvvvvvvvvvvvvvvvvvvvvvvvvvvvvvvvvvvvvvvvvvvvv.jpg","datePublished":"2026-04-26T12:37:18+00:00","dateModified":"2026-04-27T13:09:13+00:00","author":{"@id":"https:\/\/reporterdafrique.info\/#\/schema\/person\/e6c969aa000793e687c5399b5ffbdc77"},"description":"ind\u00e9pendance, flamme, f\u00eate","breadcrumb":{"@id":"https:\/\/reporterdafrique.info\/togo-le-president-du-conseil-ravive-la-flamme-de-lindependance\/#breadcrumb"},"inLanguage":"en-US","potentialAction":[{"@type":"ReadAction","target":["https:\/\/reporterdafrique.info\/togo-le-president-du-conseil-ravive-la-flamme-de-lindependance\/"]}]},{"@type":"ImageObject","inLanguage":"en-US","@id":"https:\/\/reporterdafrique.info\/togo-le-president-du-conseil-ravive-la-flamme-de-lindependance\/#primaryimage","url":"https:\/\/reporterdafrique.info\/wp-content\/uploads\/2026\/04\/vvvvvvvvvvvvvvvvvvvvvvvvvvvvvvvvvvvvvvvvvvvvvvvv.jpg","contentUrl":"https:\/\/reporterdafrique.info\/wp-content\/uploads\/2026\/04\/vvvvvvvvvvvvvvvvvvvvvvvvvvvvvvvvvvvvvvvvvvvvvvvv.jpg","width":1080,"height":756},{"@type":"BreadcrumbList","@id":"https:\/\/reporterdafrique.info\/togo-le-president-du-conseil-ravive-la-flamme-de-lindependance\/#breadcrumb","itemListElement":[{"@type":"ListItem","position":1,"name":"Home","item":"https:\/\/reporterdafrique.info\/"},{"@type":"ListItem","position":2,"name":"Togo : \u00a0le Pr\u00e9sident du Conseil ravive la flamme de l\u2019ind\u00e9pendance"}]},{"@type":"WebSite","@id":"https:\/\/reporterdafrique.info\/#website","url":"https:\/\/reporterdafrique.info\/","name":"REPORTERDAFRIQUE","description":"L&#039;Afrique au quotidien","potentialAction":[{"@type":"SearchAction","target":{"@type":"EntryPoint","urlTemplate":"https:\/\/reporterdafrique.info\/?s={search_term_string}"},"query-input":{"@type":"PropertyValueSpecification","valueRequired":true,"valueName":"search_term_string"}}],"inLanguage":"en-US"},{"@type":"Person","@id":"https:\/\/reporterdafrique.info\/#\/schema\/person\/e6c969aa000793e687c5399b5ffbdc77","name":"reporterdafrique","image":{"@type":"ImageObject","inLanguage":"en-US","@id":"https:\/\/secure.gravatar.com\/avatar\/7882f7db2f0ee4f772f81ec0ee186273846b76223215f4b2a9c4f2b0017a1f64?s=96&d=mm&r=g","url":"https:\/\/secure.gravatar.com\/avatar\/7882f7db2f0ee4f772f81ec0ee186273846b76223215f4b2a9c4f2b0017a1f64?s=96&d=mm&r=g","contentUrl":"https:\/\/secure.gravatar.com\/avatar\/7882f7db2f0ee4f772f81ec0ee186273846b76223215f4b2a9c4f2b0017a1f64?s=96&d=mm&r=g","caption":"reporterdafrique"},"sameAs":["https:\/\/reporterdafrique.info"],"url":"https:\/\/reporterdafrique.info\/en\/author\/reporterdafrique\/"}]}},"amp_enabled":true,"_links":{"self":[{"href":"https:\/\/reporterdafrique.info\/en\/wp-json\/wp\/v2\/posts\/10413","targetHints":{"allow":["GET"]}}],"collection":[{"href":"https:\/\/reporterdafrique.info\/en\/wp-json\/wp\/v2\/posts"}],"about":[{"href":"https:\/\/reporterdafrique.info\/en\/wp-json\/wp\/v2\/types\/post"}],"author":[{"embeddable":true,"href":"https:\/\/reporterdafrique.info\/en\/wp-json\/wp\/v2\/users\/1"}],"replies":[{"embeddable":true,"href":"https:\/\/reporterdafrique.info\/en\/wp-json\/wp\/v2\/comments?post=10413"}],"version-history":[{"count":1,"href":"https:\/\/reporterdafrique.info\/en\/wp-json\/wp\/v2\/posts\/10413\/revisions"}],"predecessor-version":[{"id":10415,"href":"https:\/\/reporterdafrique.info\/en\/wp-json\/wp\/v2\/posts\/10413\/revisions\/10415"}],"wp:featuredmedia":[{"embeddable":true,"href":"https:\/\/reporterdafrique.info\/en\/wp-json\/wp\/v2\/media\/10414"}],"wp:attachment":[{"href":"https:\/\/reporterdafrique.info\/en\/wp-json\/wp\/v2\/media?parent=10413"}],"wp:term":[{"taxonomy":"category","embeddable":true,"href":"https:\/\/reporterdafrique.info\/en\/wp-json\/wp\/v2\/categories?post=10413"},{"taxonomy":"post_tag","embeddable":true,"href":"https:\/\/reporterdafrique.info\/en\/wp-json\/wp\/v2\/tags?post=10413"}],"curies":[{"name":"wp","href":"https:\/\/api.w.org\/{rel}","templated":true}]}}